{"id":163837,"date":"2017-05-31T09:12:13","date_gmt":"2017-05-31T07:12:13","guid":{"rendered":"http:\/\/www.fuldaer-nachrichten.de\/?p=163837"},"modified":"2017-05-31T09:12:13","modified_gmt":"2017-05-31T07:12:13","slug":"80-fleischwuerste-fuer-die-fuldaer-tafel","status":"publish","type":"post","link":"https:\/\/www.fuldaernachrichten.de\/?p=163837","title":{"rendered":"80 Fleischw\u00fcrste f\u00fcr die Fuldaer Tafel"},"content":{"rendered":"<p>Viel Freude bereitete die Fleischerei Oestreich aus dem K\u00fcnzeller Ortsteil Engelhelms den Kunden der Fuldaer Tafel mit einer Spende von rund 80 Fleischw\u00fcrsten.<\/p>\n<p>Mit dieser Naturalienspende wollte Metzgermeister Martin Oestreich verdeutlichen, wie wichtig ihm das Anliegen der Tafel ist, bed\u00fcrftige Menschen und ihre Familien mit guten Lebensmitteln zu unterst\u00fctzen.<br \/>\nEr k\u00f6nne sich vorstellen, so Oestreich, in Zukunft noch durch weitere Aktionen den Tafelkunden zu helfen.<\/p>\n<p>Tafel-Mitarbeiter Gerhard Kr\u00f6nung holte die W\u00fcrste im Fleischereibetrieb in Engelhelms ab und bedankte sich im Namen der Fuldaer Tafel und vor allem ihrer Kunden sehr herzlich f\u00fcr die tatkr\u00e4ftige Unterst\u00fctzung.<\/p>\n","protected":false},"excerpt":{"rendered":"<div class=\"tmnf_excerpt\"><p>Viel Freude bereitete die Fleischerei Oestreich aus dem K\u00fcnzeller Ortsteil Engelhelms den Kunden der Fuldaer Tafel mit einer Spende von rund 80 Fleischw\u00fcrsten. Mit dieser Naturalienspende wollte Metzgermeister Martin Oestreich verdeutlichen, wie wichtig ihm das Anliegen der Tafel ist, bed\u00fcrftige Menschen und ihre Familien mit guten Lebensmitteln zu unterst\u00fctzen. Er k\u00f6nne sich vorstellen, so Oestreich, &hellip;<\/p>\n<\/div>","protected":false},"author":1,"featured_media":163843,"comment_status":"closed","ping_status":"closed","sticky":false,"template":"","format":"standard","meta":{"footnotes":""},"categories":[1],"tags":[],"class_list":["post-163837","post","type-post","status-publish","format-standard","has-post-thumbnail","hentry","category-startseite"],"_links":{"self":[{"href":"https:\/\/www.fuldaernachrichten.de\/index.php?rest_route=\/wp\/v2\/posts\/163837","targetHints":{"allow":["GET"]}}],"collection":[{"href":"https:\/\/www.fuldaernachrichten.de\/index.php?rest_route=\/wp\/v2\/posts"}],"about":[{"href":"https:\/\/www.fuldaernachrichten.de\/index.php?rest_route=\/wp\/v2\/types\/post"}],"author":[{"embeddable":true,"href":"https:\/\/www.fuldaernachrichten.de\/index.php?rest_route=\/wp\/v2\/users\/1"}],"replies":[{"embeddable":true,"href":"https:\/\/www.fuldaernachrichten.de\/index.php?rest_route=%2Fwp%2Fv2%2Fcomments&post=163837"}],"version-history":[{"count":1,"href":"https:\/\/www.fuldaernachrichten.de\/index.php?rest_route=\/wp\/v2\/posts\/163837\/revisions"}],"predecessor-version":[{"id":163844,"href":"https:\/\/www.fuldaernachrichten.de\/index.php?rest_route=\/wp\/v2\/posts\/163837\/revisions\/163844"}],"wp:featuredmedia":[{"embeddable":true,"href":"https:\/\/www.fuldaernachrichten.de\/index.php?rest_route=\/wp\/v2\/media\/163843"}],"wp:attachment":[{"href":"https:\/\/www.fuldaernachrichten.de\/index.php?rest_route=%2Fwp%2Fv2%2Fmedia&parent=163837"}],"wp:term":[{"taxonomy":"category","embeddable":true,"href":"https:\/\/www.fuldaernachrichten.de\/index.php?rest_route=%2Fwp%2Fv2%2Fcategories&post=163837"},{"taxonomy":"post_tag","embeddable":true,"href":"https:\/\/www.fuldaernachrichten.de\/index.php?rest_route=%2Fwp%2Fv2%2Ftags&post=163837"}],"curies":[{"name":"wp","href":"https:\/\/api.w.org\/{rel}","templated":true}]}}