{"id":163763,"date":"2017-05-31T08:56:17","date_gmt":"2017-05-31T06:56:17","guid":{"rendered":"http:\/\/www.fuldaer-nachrichten.de\/?p=163763"},"modified":"2017-05-31T08:56:17","modified_gmt":"2017-05-31T06:56:17","slug":"kreisjugendfeuerwehrtag-2017-in-bad-salzschlirf","status":"publish","type":"post","link":"https:\/\/www.fuldaernachrichten.de\/?p=163763","title":{"rendered":"Kreisjugendfeuerwehrtag 2017 in Bad Salzschlirf"},"content":{"rendered":"<p>Der Kurpark und die Lindenstra\u00dfe in Bad Salzschlirf stehen am Pfingstsonntag ganz im Zeichen der Feuerwehren und Hilfsorganisationen des Landkreises Fulda. <\/p>\n<p>Die Kreisjugendfeuerwehr Fulda veranstaltet am 4. Juni gemeinsam mit dem Ausrichter der Feuerwehren und Jugendfeuerwehren aus Bad Salzschlirf den Kreisjugendfeuerwehrtag. <\/p>\n<p>Die \u201el\u00e4ngste Spielstra\u00dfe im Landkreis Fulda\u201c bietet Spa\u00df und Unterhaltung f\u00fcr junge G\u00e4ste. Mit einem Spielepass ausgestattet, sammeln die Jungen und M\u00e4dchen Stempel an den Spiel- und Mitmachaktionen und landen automatisch im Lostopf der gro\u00dfen Preisverlosung am Nachmittag. Dar\u00fcber hinaus runden eine Fahrzeugausstellung sowie Vorf\u00fchrungen von Einsatz\u00fcbungen den Kreisjugendfeuerwehrtag ab. <\/p>\n<p>F\u00fcr das leibliche Wohl ist bestens gesorgt.<br \/>\nWie laden gleicherma\u00dfen alle Jugendfeuerwehrmitglieder, Feuerwehrangeh\u00f6rige und Mitglieder weiterer Hilfsorganisationen und deren Jugendabteilungen als auch alle Mitb\u00fcrgerinnen und Mitb\u00fcrger sowie Kinder und Jugendliche herzlich zum Kreisjugendfeuerwehrtag 2017 ein.  <\/p>\n<p>Die Er\u00f6ffnung des Tages findet um 10.30 Uhr vor der Musikmuschel im Kurpark Bad Salzschlirf statt. Die Preisverlosung ist f\u00fcr ca. 15.30 Uhr vorgesehen. <\/p>\n","protected":false},"excerpt":{"rendered":"<div class=\"tmnf_excerpt\"><p>Der Kurpark und die Lindenstra\u00dfe in Bad Salzschlirf stehen am Pfingstsonntag ganz im Zeichen der Feuerwehren und Hilfsorganisationen des Landkreises Fulda. Die Kreisjugendfeuerwehr Fulda veranstaltet am 4. Juni gemeinsam mit dem Ausrichter der Feuerwehren und Jugendfeuerwehren aus Bad Salzschlirf den Kreisjugendfeuerwehrtag. Die \u201el\u00e4ngste Spielstra\u00dfe im Landkreis Fulda\u201c bietet Spa\u00df und Unterhaltung f\u00fcr junge G\u00e4ste. Mit &hellip;<\/p>\n<\/div>","protected":false},"author":1,"featured_media":163766,"comment_status":"closed","ping_status":"closed","sticky":false,"template":"","format":"standard","meta":{"footnotes":""},"categories":[1],"tags":[],"class_list":["post-163763","post","type-post","status-publish","format-standard","has-post-thumbnail","hentry","category-startseite"],"_links":{"self":[{"href":"https:\/\/www.fuldaernachrichten.de\/index.php?rest_route=\/wp\/v2\/posts\/163763","targetHints":{"allow":["GET"]}}],"collection":[{"href":"https:\/\/www.fuldaernachrichten.de\/index.php?rest_route=\/wp\/v2\/posts"}],"about":[{"href":"https:\/\/www.fuldaernachrichten.de\/index.php?rest_route=\/wp\/v2\/types\/post"}],"author":[{"embeddable":true,"href":"https:\/\/www.fuldaernachrichten.de\/index.php?rest_route=\/wp\/v2\/users\/1"}],"replies":[{"embeddable":true,"href":"https:\/\/www.fuldaernachrichten.de\/index.php?rest_route=%2Fwp%2Fv2%2Fcomments&post=163763"}],"version-history":[{"count":1,"href":"https:\/\/www.fuldaernachrichten.de\/index.php?rest_route=\/wp\/v2\/posts\/163763\/revisions"}],"predecessor-version":[{"id":163767,"href":"https:\/\/www.fuldaernachrichten.de\/index.php?rest_route=\/wp\/v2\/posts\/163763\/revisions\/163767"}],"wp:featuredmedia":[{"embeddable":true,"href":"https:\/\/www.fuldaernachrichten.de\/index.php?rest_route=\/wp\/v2\/media\/163766"}],"wp:attachment":[{"href":"https:\/\/www.fuldaernachrichten.de\/index.php?rest_route=%2Fwp%2Fv2%2Fmedia&parent=163763"}],"wp:term":[{"taxonomy":"category","embeddable":true,"href":"https:\/\/www.fuldaernachrichten.de\/index.php?rest_route=%2Fwp%2Fv2%2Fcategories&post=163763"},{"taxonomy":"post_tag","embeddable":true,"href":"https:\/\/www.fuldaernachrichten.de\/index.php?rest_route=%2Fwp%2Fv2%2Ftags&post=163763"}],"curies":[{"name":"wp","href":"https:\/\/api.w.org\/{rel}","templated":true}]}}