{"id":163756,"date":"2017-05-31T08:55:13","date_gmt":"2017-05-31T06:55:13","guid":{"rendered":"http:\/\/www.fuldaer-nachrichten.de\/?p=163756"},"modified":"2017-05-31T08:55:13","modified_gmt":"2017-05-31T06:55:13","slug":"28-cdu-familienfest-der-poppenhausener-christdemokraten","status":"publish","type":"post","link":"https:\/\/www.fuldaernachrichten.de\/?p=163756","title":{"rendered":"28. CDU-Familienfest der Poppenhausener Christdemokraten"},"content":{"rendered":"<p><a href=\"http:\/\/www.fuldaer-nachrichten.de\/wp-content\/uploads\/2017\/05\/Gruppe-mit-LR.jpg\"><img decoding=\"async\" src=\"http:\/\/www.fuldaer-nachrichten.de\/wp-content\/uploads\/2017\/05\/Gruppe-mit-LR-265x188.jpg\" alt=\"\" width=\"265\" height=\"188\" class=\"alignleft size-thumbnail wp-image-163759\" srcset=\"https:\/\/www.fuldaernachrichten.de\/wp-content\/uploads\/2017\/05\/Gruppe-mit-LR-265x188.jpg 265w, https:\/\/www.fuldaernachrichten.de\/wp-content\/uploads\/2017\/05\/Gruppe-mit-LR-768x544.jpg 768w, https:\/\/www.fuldaernachrichten.de\/wp-content\/uploads\/2017\/05\/Gruppe-mit-LR-600x425.jpg 600w, https:\/\/www.fuldaernachrichten.de\/wp-content\/uploads\/2017\/05\/Gruppe-mit-LR.jpg 900w\" sizes=\"(max-width: 265px) 100vw, 265px\" \/><\/a>Auch in diesem Jahr hatten die Poppenhausener Christdemokraten hatten zum 28. Familienfest ins Von-Steinr\u00fcck-Haus eingeladen.<\/p>\n<p>Mit einem Konzert des Musikvereins \u201eC\u00e4cilia Poppenhausen\u201c wurde die Veranstaltung gegen Mittag eingeleitet. Zur z\u00fcnftigen Blasmusik gab es leckere Speisen aus der Rh\u00f6ner-Charme-K\u00fcche von Team Laudenbach und Grillspezialit\u00e4ten der Jungen Union am Vorplatz.<\/p>\n<p>Die Vorsitzende des CDU-Gemeindeverbandes, Elisabeth Laudenbach, begr\u00fc\u00dfte am fr\u00fchen Nachmittag die G\u00e4ste aus nah und fern. \u00dcber den Besuch einiger Ehreng\u00e4ste des heimischen Gemeindeverbandes aber auch von Nachbargemeinden freute sie sich besonders. Beispielhaft werden genannt: Hans-J\u00f6rg Hauke (Ehrenvorsitzender des CDU-Gemeindeverbandes Poppenhausen), der Erste Beigeordnete Manfred Herget, der Vorsitzende der Gemeindevertretung Frank Unger, Richard Schwab (das \u00e4lteste anwesende Mitglied) und Christian Reinhardt (Vors. CDU-Gemeindeverband Hilders) und B\u00fcrgermeister Manfred Helfrich.<\/p>\n<p><a href=\"http:\/\/www.fuldaer-nachrichten.de\/wp-content\/uploads\/2017\/05\/Grill-Team-JU.jpg\"><img fetchpriority=\"high\" decoding=\"async\" src=\"http:\/\/www.fuldaer-nachrichten.de\/wp-content\/uploads\/2017\/05\/Grill-Team-JU-265x206.jpg\" alt=\"\" width=\"265\" height=\"206\" class=\"alignleft size-thumbnail wp-image-163761\" srcset=\"https:\/\/www.fuldaernachrichten.de\/wp-content\/uploads\/2017\/05\/Grill-Team-JU-265x206.jpg 265w, https:\/\/www.fuldaernachrichten.de\/wp-content\/uploads\/2017\/05\/Grill-Team-JU-768x596.jpg 768w, https:\/\/www.fuldaernachrichten.de\/wp-content\/uploads\/2017\/05\/Grill-Team-JU-600x465.jpg 600w, https:\/\/www.fuldaernachrichten.de\/wp-content\/uploads\/2017\/05\/Grill-Team-JU.jpg 900w\" sizes=\"(max-width: 265px) 100vw, 265px\" \/><\/a>Im Laufe des Nachmittags Tages statteten auch Vertreter aus der Politik den Poppenhausener Christdemokraten einen Besuch ab und sprachen Gru\u00dfworte zu den G\u00e4sten: MdL. Markus Meysner, Landrat Bernd Woide, MdB. Michael Brand und der Erste Beigeordnete von Neuhof, Franz-Josef Adam.<\/p>\n<p>Sie lobten die Tradition des Familienfestes, dankten f\u00fcr die Zusammenarbeit und freuen sich \u00fcber eine Unterst\u00fctzung bei der am 24. September 2017 stattfindenden Bundestags- und Landratswahl.<\/p>\n<p>Manfred Helfrich dankte f\u00fcr die guten Verbindungen zum Landkreis, zum Land und Bund, sprach \u00fcber die in der Gemeinde laufenden Projekte, zeigte sich insgesamt mit der Entwicklung von Poppenhausen zufrieden und dankte f\u00fcr den Zusammenhalt der B\u00fcrgergemeinschaft.<\/p>\n<p>Gemeinsam mit der Vorsitzenden, dem Bundestagsabgeordneten und dem B\u00fcrgermeister wurden einige Mitglieder f\u00fcr ihre langej\u00e4hrige Treue geehrt.<\/p>\n<p>F\u00fcr 20 Jahre: Joachim Leitschuh und Thomas Metzler<br \/>\nF\u00fcr 25 Jahre: Christa Mehler und Gerhard Fladung<br \/>\nF\u00fcr 35 Jahre: Alfred Heller und Michael Hamm<\/p>\n<p>Ihnen wurden eine Urkunde und ein kleines Geschenk \u00fcberreicht.<br \/>\nDas Familienfest hatte wieder seinen Namen alle Ehre gemacht. Zahlreiche Familien waren gekommen, um sich zu treffen und gemeinsam den Nachmittag zu verbringen.<\/p>\n<p>Im angrenzenden Kinderhort wurden Spielangebote und besondere Besch\u00e4ftigungen genutzt. H\u00f6hepunkte waren die Auftritte der Tanzgruppen vom TSV Poppenhausen unter Leitung von Julia Vey und der VHS unter Leitung von Kristina Fleck.<br \/>\nDas Kuchen-Buffet der CDU-Frauen bot eine breite Palette von leckeren Kuchenvariationen. Danach wurden am Weinstand fr\u00e4nkische Weine ausgeschenkt.<br \/>\nBei einem herrlichen Sonnenuntergang, der auf den Festb\u00e4nken im Freien genossen werden konnte, sympathischen Begegnungen und guter Unterhaltung endete am Abend das Familienfest in geselliger Runde.<\/p>\n","protected":false},"excerpt":{"rendered":"<div class=\"tmnf_excerpt\"><p>Auch in diesem Jahr hatten die Poppenhausener Christdemokraten hatten zum 28. Familienfest ins Von-Steinr\u00fcck-Haus eingeladen. Mit einem Konzert des Musikvereins \u201eC\u00e4cilia Poppenhausen\u201c wurde die Veranstaltung gegen Mittag eingeleitet. Zur z\u00fcnftigen Blasmusik gab es leckere Speisen aus der Rh\u00f6ner-Charme-K\u00fcche von Team Laudenbach und Grillspezialit\u00e4ten der Jungen Union am Vorplatz. Die Vorsitzende des CDU-Gemeindeverbandes, Elisabeth Laudenbach, begr\u00fc\u00dfte &hellip;<\/p>\n<\/div>","protected":false},"author":1,"featured_media":163760,"comment_status":"closed","ping_status":"closed","sticky":false,"template":"","format":"standard","meta":{"footnotes":""},"categories":[1],"tags":[],"class_list":["post-163756","post","type-post","status-publish","format-standard","has-post-thumbnail","hentry","category-startseite"],"_links":{"self":[{"href":"https:\/\/www.fuldaernachrichten.de\/index.php?rest_route=\/wp\/v2\/posts\/163756","targetHints":{"allow":["GET"]}}],"collection":[{"href":"https:\/\/www.fuldaernachrichten.de\/index.php?rest_route=\/wp\/v2\/posts"}],"about":[{"href":"https:\/\/www.fuldaernachrichten.de\/index.php?rest_route=\/wp\/v2\/types\/post"}],"author":[{"embeddable":true,"href":"https:\/\/www.fuldaernachrichten.de\/index.php?rest_route=\/wp\/v2\/users\/1"}],"replies":[{"embeddable":true,"href":"https:\/\/www.fuldaernachrichten.de\/index.php?rest_route=%2Fwp%2Fv2%2Fcomments&post=163756"}],"version-history":[{"count":1,"href":"https:\/\/www.fuldaernachrichten.de\/index.php?rest_route=\/wp\/v2\/posts\/163756\/revisions"}],"predecessor-version":[{"id":163762,"href":"https:\/\/www.fuldaernachrichten.de\/index.php?rest_route=\/wp\/v2\/posts\/163756\/revisions\/163762"}],"wp:featuredmedia":[{"embeddable":true,"href":"https:\/\/www.fuldaernachrichten.de\/index.php?rest_route=\/wp\/v2\/media\/163760"}],"wp:attachment":[{"href":"https:\/\/www.fuldaernachrichten.de\/index.php?rest_route=%2Fwp%2Fv2%2Fmedia&parent=163756"}],"wp:term":[{"taxonomy":"category","embeddable":true,"href":"https:\/\/www.fuldaernachrichten.de\/index.php?rest_route=%2Fwp%2Fv2%2Fcategories&post=163756"},{"taxonomy":"post_tag","embeddable":true,"href":"https:\/\/www.fuldaernachrichten.de\/index.php?rest_route=%2Fwp%2Fv2%2Ftags&post=163756"}],"curies":[{"name":"wp","href":"https:\/\/api.w.org\/{rel}","templated":true}]}}