{"id":163751,"date":"2017-05-31T08:53:46","date_gmt":"2017-05-31T06:53:46","guid":{"rendered":"http:\/\/www.fuldaer-nachrichten.de\/?p=163751"},"modified":"2017-05-31T08:53:46","modified_gmt":"2017-05-31T06:53:46","slug":"sozialpreis-innovatio-stimmabgabe-fuer-wort-los-online-moeglich","status":"publish","type":"post","link":"https:\/\/www.fuldaernachrichten.de\/?p=163751","title":{"rendered":"Sozialpreis \u201eInnovatio\u201c: Stimmabgabe f\u00fcr wort.los online m\u00f6glich"},"content":{"rendered":"<p>Gro\u00dfe Freude bei der Caritas-Behindertenhilfe in Fulda: Das Projekt wort.los f\u00fcr Unterst\u00fctzte Kommunikation und zur St\u00e4rkung der Geb\u00e4rdensprache hat es in die Endausscheidung beim diesj\u00e4hrigen Sozialpreis Innovatio geschafft: Eine Jury wird Ende Juni entscheiden, welche Projekte von den jetzt 20 Ausgew\u00e4hlten letztendlich die zehn Preistr\u00e4ger werden, und wer als Hauptpreistr\u00e4ger zus\u00e4tzlich\u00c2\u00a0 weitere 8.000 Euro Preisgeld f\u00fcr das eigene Projekt erh\u00e4lt. Gesucht werden zeitgem\u00e4\u00dfe, \u201epfiffige\u201c Antworten der kirchlichen Wohlfahrt auf aktuelle soziale Fragestellungen. Der Sozialpreis Innovatio wird alle zwei Jahre ausgeschrieben.<\/p>\n<p>Erstmals gibt es diesmal auch einen Publikumspreis, der mit 2.000 Euro belohnt wird. Dabei\u00c2\u00a0 kann jeder mit abstimmen. Und jede Stimme z\u00e4hlt, denn Gewinner ist am Ende das Projekt, das die meisten Stimmen auf sich vereinen kann. Die Online-Abstimmung unter www.innovatio-sozialpreis.de l\u00e4uft bis 21. Juni: Dort einfach \u201ePublikumswahl\u201c anklicken und f\u00fcr \u201ewort.los\u201c stimmen! Ausf\u00fchrliche Informationen zum Caritas-Projekt wort.los erhalten Interessierte ebenfalls im Internet unter www.wort-los-fulda.de.<\/p>\n","protected":false},"excerpt":{"rendered":"<div class=\"tmnf_excerpt\"><p>Gro\u00dfe Freude bei der Caritas-Behindertenhilfe in Fulda: Das Projekt wort.los f\u00fcr Unterst\u00fctzte Kommunikation und zur St\u00e4rkung der Geb\u00e4rdensprache hat es in die Endausscheidung beim diesj\u00e4hrigen Sozialpreis Innovatio geschafft: Eine Jury wird Ende Juni entscheiden, welche Projekte von den jetzt 20 Ausgew\u00e4hlten letztendlich die zehn Preistr\u00e4ger werden, und wer als Hauptpreistr\u00e4ger zus\u00e4tzlich\u00c2\u00a0 weitere 8.000 Euro Preisgeld &hellip;<\/p>\n<\/div>","protected":false},"author":1,"featured_media":163753,"comment_status":"closed","ping_status":"closed","sticky":false,"template":"","format":"standard","meta":{"footnotes":""},"categories":[1],"tags":[],"class_list":["post-163751","post","type-post","status-publish","format-standard","has-post-thumbnail","hentry","category-startseite"],"_links":{"self":[{"href":"https:\/\/www.fuldaernachrichten.de\/index.php?rest_route=\/wp\/v2\/posts\/163751","targetHints":{"allow":["GET"]}}],"collection":[{"href":"https:\/\/www.fuldaernachrichten.de\/index.php?rest_route=\/wp\/v2\/posts"}],"about":[{"href":"https:\/\/www.fuldaernachrichten.de\/index.php?rest_route=\/wp\/v2\/types\/post"}],"author":[{"embeddable":true,"href":"https:\/\/www.fuldaernachrichten.de\/index.php?rest_route=\/wp\/v2\/users\/1"}],"replies":[{"embeddable":true,"href":"https:\/\/www.fuldaernachrichten.de\/index.php?rest_route=%2Fwp%2Fv2%2Fcomments&post=163751"}],"version-history":[{"count":1,"href":"https:\/\/www.fuldaernachrichten.de\/index.php?rest_route=\/wp\/v2\/posts\/163751\/revisions"}],"predecessor-version":[{"id":163754,"href":"https:\/\/www.fuldaernachrichten.de\/index.php?rest_route=\/wp\/v2\/posts\/163751\/revisions\/163754"}],"wp:featuredmedia":[{"embeddable":true,"href":"https:\/\/www.fuldaernachrichten.de\/index.php?rest_route=\/wp\/v2\/media\/163753"}],"wp:attachment":[{"href":"https:\/\/www.fuldaernachrichten.de\/index.php?rest_route=%2Fwp%2Fv2%2Fmedia&parent=163751"}],"wp:term":[{"taxonomy":"category","embeddable":true,"href":"https:\/\/www.fuldaernachrichten.de\/index.php?rest_route=%2Fwp%2Fv2%2Fcategories&post=163751"},{"taxonomy":"post_tag","embeddable":true,"href":"https:\/\/www.fuldaernachrichten.de\/index.php?rest_route=%2Fwp%2Fv2%2Ftags&post=163751"}],"curies":[{"name":"wp","href":"https:\/\/api.w.org\/{rel}","templated":true}]}}