{"id":163725,"date":"2017-05-31T08:49:44","date_gmt":"2017-05-31T06:49:44","guid":{"rendered":"http:\/\/www.fuldaer-nachrichten.de\/?p=163725"},"modified":"2017-05-31T08:49:44","modified_gmt":"2017-05-31T06:49:44","slug":"evg-senioren-unterstuetzen-dgb-rentenkampagne","status":"publish","type":"post","link":"https:\/\/www.fuldaernachrichten.de\/?p=163725","title":{"rendered":"EVG-Senioren unterst\u00fctzen DGB-Rentenkampagne"},"content":{"rendered":"<p>Die Senioren der Eisenbahn- und Verkehrsgewerkschaft unterst\u00fctzen die Kampagne des DGB f\u00fcr ein Umsteuern in der Rentenpolitik. Teilnehmerinnen und Teilnehmer der Bundesseniorenkonferenz der EVG in Fulda werden deshalb an der \u201ePendleraktion\u201c des DGB am 31. Mai am Bahnhof Fulda teilnehmen.<\/p>\n<p>&nbsp;<\/p>\n<p>Die Pendleraktion findet an insgesamt 270 Standorten bundesweit statt. Mitglieder der DGB-Gewerkschaften wollen am Mittwochmorgen Informationsmaterialien an Berufspendler verteilen und damit auf die Forderungen des DGB aufmerksam machen. Die Gewerkschaften fordern, dass das gesetzliche Rentenniveau stabilisiert und langfristig auf 48 Prozent angehoben wird. Ansonsten w\u00fcrde das Rentenniveau bis 2030 auf 43 Prozent absinken. Damit w\u00e4re auf breiter Front Altersarmut vorprogrammiert.<\/p>\n<p>&nbsp;<\/p>\n<p>Mit ihrer Teilnahme an der Aktion signalisieren die Seniorinnen und Senioren der EVG ihre Unterst\u00fctzung f\u00fcr die Kampagne.<\/p>\n<p>Die Pendleraktion findet in Fulda am 31. Mai von 7 bis 9 Uhr statt. Die Delegation der EVG-Bundesseniorenkonferenz wird von ca. 8.00 bis 8.30 Uhr teilnehmen.<\/p>\n","protected":false},"excerpt":{"rendered":"<div class=\"tmnf_excerpt\"><p>Die Senioren der Eisenbahn- und Verkehrsgewerkschaft unterst\u00fctzen die Kampagne des DGB f\u00fcr ein Umsteuern in der Rentenpolitik. Teilnehmerinnen und Teilnehmer der Bundesseniorenkonferenz der EVG in Fulda werden deshalb an der \u201ePendleraktion\u201c des DGB am 31. Mai am Bahnhof Fulda teilnehmen. &nbsp; Die Pendleraktion findet an insgesamt 270 Standorten bundesweit statt. Mitglieder der DGB-Gewerkschaften wollen am &hellip;<\/p>\n<\/div>","protected":false},"author":1,"featured_media":0,"comment_status":"closed","ping_status":"closed","sticky":false,"template":"","format":"standard","meta":{"footnotes":""},"categories":[1],"tags":[],"class_list":["post-163725","post","type-post","status-publish","format-standard","hentry","category-startseite"],"_links":{"self":[{"href":"https:\/\/www.fuldaernachrichten.de\/index.php?rest_route=\/wp\/v2\/posts\/163725","targetHints":{"allow":["GET"]}}],"collection":[{"href":"https:\/\/www.fuldaernachrichten.de\/index.php?rest_route=\/wp\/v2\/posts"}],"about":[{"href":"https:\/\/www.fuldaernachrichten.de\/index.php?rest_route=\/wp\/v2\/types\/post"}],"author":[{"embeddable":true,"href":"https:\/\/www.fuldaernachrichten.de\/index.php?rest_route=\/wp\/v2\/users\/1"}],"replies":[{"embeddable":true,"href":"https:\/\/www.fuldaernachrichten.de\/index.php?rest_route=%2Fwp%2Fv2%2Fcomments&post=163725"}],"version-history":[{"count":1,"href":"https:\/\/www.fuldaernachrichten.de\/index.php?rest_route=\/wp\/v2\/posts\/163725\/revisions"}],"predecessor-version":[{"id":163739,"href":"https:\/\/www.fuldaernachrichten.de\/index.php?rest_route=\/wp\/v2\/posts\/163725\/revisions\/163739"}],"wp:attachment":[{"href":"https:\/\/www.fuldaernachrichten.de\/index.php?rest_route=%2Fwp%2Fv2%2Fmedia&parent=163725"}],"wp:term":[{"taxonomy":"category","embeddable":true,"href":"https:\/\/www.fuldaernachrichten.de\/index.php?rest_route=%2Fwp%2Fv2%2Fcategories&post=163725"},{"taxonomy":"post_tag","embeddable":true,"href":"https:\/\/www.fuldaernachrichten.de\/index.php?rest_route=%2Fwp%2Fv2%2Ftags&post=163725"}],"curies":[{"name":"wp","href":"https:\/\/api.w.org\/{rel}","templated":true}]}}