{"id":163722,"date":"2017-05-31T08:46:29","date_gmt":"2017-05-31T06:46:29","guid":{"rendered":"http:\/\/www.fuldaer-nachrichten.de\/?p=163722"},"modified":"2017-05-31T08:46:29","modified_gmt":"2017-05-31T06:46:29","slug":"neuer-verein-will-kontakte-nach-dokkum-intensivieren","status":"publish","type":"post","link":"https:\/\/www.fuldaernachrichten.de\/?p=163722","title":{"rendered":"Neuer Verein will Kontakte nach Dokkum intensivieren"},"content":{"rendered":"<p>Aus der bereits seit Jahrhunderten bestehenden Verbindung der beiden Bonifatius-St\u00e4dte Fulda und Dokkum ist 2013 auch eine offizielle St\u00e4dtepartnerschaft geworden. Jetzt soll ein Verein auf Fuldaer Seite die Kontakte intensivieren.<\/p>\n<p>Auf niederl\u00e4ndischer Seite gibt es schon seit vielen Jahren das \u00fcberaus r\u00fchrige \u201eVriendschapscomit\u00e9 Dokkum-Crediton-Fulda\u201c, das die Partnerschaftskontakte koordiniert. Nun soll auch in Fulda ein entsprechender Verein gegr\u00fcndet werden, der \u201eFreundschaftsverein St. Bonifatius Fulda-Dokkum\u201c.<\/p>\n<p>Am Pfingstmontag 5. Juni, dem Bonifatiustag, wird um 14.30 Uhr die Gr\u00fcndungsversammlung im Marmorsaal des Fuldaer Stadtschlosses stattfinden. Alle Interessierten sind herzlich eingeladen. Um Anmeldung unter der Telefonnummer (06 61) 102-10 65 oder per Email unter volker.joerg@fulda.de wird gebeten.<\/p>\n","protected":false},"excerpt":{"rendered":"<div class=\"tmnf_excerpt\"><p>Aus der bereits seit Jahrhunderten bestehenden Verbindung der beiden Bonifatius-St\u00e4dte Fulda und Dokkum ist 2013 auch eine offizielle St\u00e4dtepartnerschaft geworden. Jetzt soll ein Verein auf Fuldaer Seite die Kontakte intensivieren. Auf niederl\u00e4ndischer Seite gibt es schon seit vielen Jahren das \u00fcberaus r\u00fchrige \u201eVriendschapscomit\u00e9 Dokkum-Crediton-Fulda\u201c, das die Partnerschaftskontakte koordiniert. Nun soll auch in Fulda ein entsprechender &hellip;<\/p>\n<\/div>","protected":false},"author":1,"featured_media":0,"comment_status":"closed","ping_status":"closed","sticky":false,"template":"","format":"standard","meta":{"footnotes":""},"categories":[1],"tags":[],"class_list":["post-163722","post","type-post","status-publish","format-standard","hentry","category-startseite"],"_links":{"self":[{"href":"https:\/\/www.fuldaernachrichten.de\/index.php?rest_route=\/wp\/v2\/posts\/163722","targetHints":{"allow":["GET"]}}],"collection":[{"href":"https:\/\/www.fuldaernachrichten.de\/index.php?rest_route=\/wp\/v2\/posts"}],"about":[{"href":"https:\/\/www.fuldaernachrichten.de\/index.php?rest_route=\/wp\/v2\/types\/post"}],"author":[{"embeddable":true,"href":"https:\/\/www.fuldaernachrichten.de\/index.php?rest_route=\/wp\/v2\/users\/1"}],"replies":[{"embeddable":true,"href":"https:\/\/www.fuldaernachrichten.de\/index.php?rest_route=%2Fwp%2Fv2%2Fcomments&post=163722"}],"version-history":[{"count":1,"href":"https:\/\/www.fuldaernachrichten.de\/index.php?rest_route=\/wp\/v2\/posts\/163722\/revisions"}],"predecessor-version":[{"id":163728,"href":"https:\/\/www.fuldaernachrichten.de\/index.php?rest_route=\/wp\/v2\/posts\/163722\/revisions\/163728"}],"wp:attachment":[{"href":"https:\/\/www.fuldaernachrichten.de\/index.php?rest_route=%2Fwp%2Fv2%2Fmedia&parent=163722"}],"wp:term":[{"taxonomy":"category","embeddable":true,"href":"https:\/\/www.fuldaernachrichten.de\/index.php?rest_route=%2Fwp%2Fv2%2Fcategories&post=163722"},{"taxonomy":"post_tag","embeddable":true,"href":"https:\/\/www.fuldaernachrichten.de\/index.php?rest_route=%2Fwp%2Fv2%2Ftags&post=163722"}],"curies":[{"name":"wp","href":"https:\/\/api.w.org\/{rel}","templated":true}]}}