{"id":163643,"date":"2017-05-29T08:04:18","date_gmt":"2017-05-29T06:04:18","guid":{"rendered":"http:\/\/www.fuldaer-nachrichten.de\/?p=163643"},"modified":"2017-05-29T08:04:18","modified_gmt":"2017-05-29T06:04:18","slug":"40-jahre-pro-familia-in-alsfeld-landrat-manfred-goerig-gratuliert","status":"publish","type":"post","link":"https:\/\/www.fuldaernachrichten.de\/?p=163643","title":{"rendered":"40 Jahre pro familia in Alsfeld \u2013 Landrat Manfred G\u00f6rig gratuliert"},"content":{"rendered":"<p>\u201eSeit 40 Jahren leistet pro familia eine sehr wertvolle und verl\u00e4ssliche Arbeit f\u00fcr Hunderte von Klientinnen und Klienten in Alsfeld und im gesamten Landkreis\u201c, sagte Landrat Manfred G\u00f6rig (SPD), als er gemeinsam mit Sozialamtsleiter Werner K\u00f6hler und den Sachgebietsleitern Heidrun Bass und Hans Dieter Herget Fachleute der Pro-Familia-Beratungsstelle Alsfeld im Lauterbacher Kreishaus begr\u00fc\u00dfte.<\/p>\n<p>Der Landrat \u00fcberreichte einen Zuwendungsbescheid in H\u00f6he von insgesamt 22.000 Euro. Davon dienen 12.000 Euro der Absicherung der allgemeinen Beratungsarbeit. Etwa 350 Beratungsgepr\u00e4che pro Jahr zeigten den wachsenden Bedarf an Hilfestellung und Information. Die pro-familia-Gesch\u00e4ftsf\u00fchrerin Maren Colton berichtete auch \u00fcber Informations- und Fortbildungsveranstaltungen f\u00fcr Schulklassen und Leitungskr\u00e4fte in der Jugend- und Behindertenhilfe. Auch bei der Integration von Asylbewerbern und ihren Familien leiste pro familia einen sehr wertvollen Beitrag, hob Landrat G\u00f6rig hervor. \u201eDas ist eine t\u00e4gliche Herausforderung, f\u00fcr die wir hohen Sachverstand, Einf\u00fchlung und nicht zuletzt einen langen Atem brauchen\u201c, so der Landrat.<\/p>\n<p>F\u00fcr pro familia sei der allj\u00e4hrliche Kreiszuschuss von hoher Bedeutung, sagte Frau Colton und bedankte sich beim Landrat f\u00fcr die Zuverl\u00e4ssigkeit der Unterst\u00fctzung.<\/p>\n<p>Die Mitarbeiterinnen und Mitarbeiter der pro-familia-Beratungsstelle Alsfeld beraten zu allen sozialrechtlichen und finanziellen Fragen, die im Zusammenhang mit einer Schwangerschaft entstehen, erl\u00e4uterte Gesch\u00e4ftsf\u00fchrerin Colton. Au\u00dferdem k\u00f6nnen Antr\u00e4ge auf Gelder der Bundesstiftung Mutter und Kind gestellt werden. Zum weiteren Angebotsspektrum z\u00e4hlen die Paar- und Sexualberatung sowie die Beratung bei Trennung und Scheidung. F\u00fcr Kinder, Jugendliche und Menschen mit Behinderung ist pro familia im Rahmen von sexualp\u00e4dagogischen Angeboten in Schulen und Jugendgruppen, Werkst\u00e4tten und Wohnheimen Ansprechpartner. Zudem werden Fortbildungen f\u00fcr Multiplikatoren und Multiplikatorinnen sowie Elternabende in Kindertagesst\u00e4tten und Schulen angeboten.<\/p>\n<p>Der zweite Teil der Zuwendung des Kreises in H\u00f6he von 10.000 Euro betrifft den Verh\u00fctungsmittelfonds, der aufgrund eines Kreistagsbeschlusses seit 2013 \u00fcber die pro familia Gesch\u00e4ftsstelle Alsfeld verwaltet wird. Landrat und die Fachleute der Kreisverwaltung sowie der Beratungsstelle bewerteten diesen Fonds gleicherma\u00dfen als sehr positiv. Damit werde einkommensschwachen Personen die Versorgung mit Verh\u00fctungsmitteln erm\u00f6glicht. Die Inanspruchnahme sei in den vergangenen Jahren stetig angestiegen, berichtete Sozialamtsleiter Werner K\u00f6hler.<\/p>\n","protected":false},"excerpt":{"rendered":"<div class=\"tmnf_excerpt\"><p>\u201eSeit 40 Jahren leistet pro familia eine sehr wertvolle und verl\u00e4ssliche Arbeit f\u00fcr Hunderte von Klientinnen und Klienten in Alsfeld und im gesamten Landkreis\u201c, sagte Landrat Manfred G\u00f6rig (SPD), als er gemeinsam mit Sozialamtsleiter Werner K\u00f6hler und den Sachgebietsleitern Heidrun Bass und Hans Dieter Herget Fachleute der Pro-Familia-Beratungsstelle Alsfeld im Lauterbacher Kreishaus begr\u00fc\u00dfte. Der Landrat &hellip;<\/p>\n<\/div>","protected":false},"author":1,"featured_media":163647,"comment_status":"closed","ping_status":"closed","sticky":false,"template":"","format":"standard","meta":{"footnotes":""},"categories":[1],"tags":[],"class_list":["post-163643","post","type-post","status-publish","format-standard","has-post-thumbnail","hentry","category-startseite"],"_links":{"self":[{"href":"https:\/\/www.fuldaernachrichten.de\/index.php?rest_route=\/wp\/v2\/posts\/163643","targetHints":{"allow":["GET"]}}],"collection":[{"href":"https:\/\/www.fuldaernachrichten.de\/index.php?rest_route=\/wp\/v2\/posts"}],"about":[{"href":"https:\/\/www.fuldaernachrichten.de\/index.php?rest_route=\/wp\/v2\/types\/post"}],"author":[{"embeddable":true,"href":"https:\/\/www.fuldaernachrichten.de\/index.php?rest_route=\/wp\/v2\/users\/1"}],"replies":[{"embeddable":true,"href":"https:\/\/www.fuldaernachrichten.de\/index.php?rest_route=%2Fwp%2Fv2%2Fcomments&post=163643"}],"version-history":[{"count":1,"href":"https:\/\/www.fuldaernachrichten.de\/index.php?rest_route=\/wp\/v2\/posts\/163643\/revisions"}],"predecessor-version":[{"id":163651,"href":"https:\/\/www.fuldaernachrichten.de\/index.php?rest_route=\/wp\/v2\/posts\/163643\/revisions\/163651"}],"wp:featuredmedia":[{"embeddable":true,"href":"https:\/\/www.fuldaernachrichten.de\/index.php?rest_route=\/wp\/v2\/media\/163647"}],"wp:attachment":[{"href":"https:\/\/www.fuldaernachrichten.de\/index.php?rest_route=%2Fwp%2Fv2%2Fmedia&parent=163643"}],"wp:term":[{"taxonomy":"category","embeddable":true,"href":"https:\/\/www.fuldaernachrichten.de\/index.php?rest_route=%2Fwp%2Fv2%2Fcategories&post=163643"},{"taxonomy":"post_tag","embeddable":true,"href":"https:\/\/www.fuldaernachrichten.de\/index.php?rest_route=%2Fwp%2Fv2%2Ftags&post=163643"}],"curies":[{"name":"wp","href":"https:\/\/api.w.org\/{rel}","templated":true}]}}