{"id":163618,"date":"2017-05-29T07:58:55","date_gmt":"2017-05-29T05:58:55","guid":{"rendered":"http:\/\/www.fuldaer-nachrichten.de\/?p=163618"},"modified":"2017-05-29T07:58:55","modified_gmt":"2017-05-29T05:58:55","slug":"nacht-der-offenen-kirchen-im-pastoralverbund-johannesberg","status":"publish","type":"post","link":"https:\/\/www.fuldaernachrichten.de\/?p=163618","title":{"rendered":"Nacht der offenen Kirchen im Pastoralverbund Johannesberg"},"content":{"rendered":"<p>Am Freitag, 2. Juni, sind die Kirchen im Pastoralverbund Johannesberg von 20 bis 23 Uhr ge\u00f6ffnet. In den sechs Kirchen wird ein Programm angeboten, das die Vielfalt der christlichen Botschaft erleben l\u00e4sst: Johannesberg \u2013 \u201eDie Orgel erleben\u201c, Bronnzell, evangelische Kirche \u2013 \u201eKabarett zu Christsein heute\u201c, Edelzell\/Engelhelms \u2013 \u201eWerke der Barmherzigkeit\u201c, Zell \u2013 \u201eWeihrauch, der Duft der G\u00f6ttlichkeit\u201c, Kohlhaus \u2013 \u201eDiskussion mit Fachleuten zu Kinderarmut in Deutschland\u201c; zugesagt haben Birgit K\u00f6mpel (SPD, MdB), Wolfgang Arnold (Fuldaer Tafel), Stefan M\u00f6lleney (Stadt Fulda), Sr. Debora (SkF). Schlie\u00dflich noch Istergiesel \u2013 \u201eMusik in der Kirche\u201c (Taiz\u00e9lieder am Lagerfeuer vor der Kirche). Der Abend beginnt um 19 Uhr mit einem \u00f6kumenischen Gottesdienst in Johannesberg.<\/p>\n","protected":false},"excerpt":{"rendered":"<div class=\"tmnf_excerpt\"><p>Am Freitag, 2. Juni, sind die Kirchen im Pastoralverbund Johannesberg von 20 bis 23 Uhr ge\u00f6ffnet. In den sechs Kirchen wird ein Programm angeboten, das die Vielfalt der christlichen Botschaft erleben l\u00e4sst: Johannesberg \u2013 \u201eDie Orgel erleben\u201c, Bronnzell, evangelische Kirche \u2013 \u201eKabarett zu Christsein heute\u201c, Edelzell\/Engelhelms \u2013 \u201eWerke der Barmherzigkeit\u201c, Zell \u2013 \u201eWeihrauch, der Duft &hellip;<\/p>\n<\/div>","protected":false},"author":1,"featured_media":0,"comment_status":"closed","ping_status":"closed","sticky":false,"template":"","format":"standard","meta":{"footnotes":""},"categories":[1],"tags":[],"class_list":["post-163618","post","type-post","status-publish","format-standard","hentry","category-startseite"],"_links":{"self":[{"href":"https:\/\/www.fuldaernachrichten.de\/index.php?rest_route=\/wp\/v2\/posts\/163618","targetHints":{"allow":["GET"]}}],"collection":[{"href":"https:\/\/www.fuldaernachrichten.de\/index.php?rest_route=\/wp\/v2\/posts"}],"about":[{"href":"https:\/\/www.fuldaernachrichten.de\/index.php?rest_route=\/wp\/v2\/types\/post"}],"author":[{"embeddable":true,"href":"https:\/\/www.fuldaernachrichten.de\/index.php?rest_route=\/wp\/v2\/users\/1"}],"replies":[{"embeddable":true,"href":"https:\/\/www.fuldaernachrichten.de\/index.php?rest_route=%2Fwp%2Fv2%2Fcomments&post=163618"}],"version-history":[{"count":1,"href":"https:\/\/www.fuldaernachrichten.de\/index.php?rest_route=\/wp\/v2\/posts\/163618\/revisions"}],"predecessor-version":[{"id":163621,"href":"https:\/\/www.fuldaernachrichten.de\/index.php?rest_route=\/wp\/v2\/posts\/163618\/revisions\/163621"}],"wp:attachment":[{"href":"https:\/\/www.fuldaernachrichten.de\/index.php?rest_route=%2Fwp%2Fv2%2Fmedia&parent=163618"}],"wp:term":[{"taxonomy":"category","embeddable":true,"href":"https:\/\/www.fuldaernachrichten.de\/index.php?rest_route=%2Fwp%2Fv2%2Fcategories&post=163618"},{"taxonomy":"post_tag","embeddable":true,"href":"https:\/\/www.fuldaernachrichten.de\/index.php?rest_route=%2Fwp%2Fv2%2Ftags&post=163618"}],"curies":[{"name":"wp","href":"https:\/\/api.w.org\/{rel}","templated":true}]}}