{"id":163609,"date":"2017-05-29T07:58:20","date_gmt":"2017-05-29T05:58:20","guid":{"rendered":"http:\/\/www.fuldaer-nachrichten.de\/?p=163609"},"modified":"2017-05-29T07:58:20","modified_gmt":"2017-05-29T05:58:20","slug":"herzau-schmitt-erstellt-teile-des-buehnenbildes-medicus","status":"publish","type":"post","link":"https:\/\/www.fuldaernachrichten.de\/?p=163609","title":{"rendered":"Herzau + Schmitt erstellt Teile des B\u00fchnenbildes \u201eMedicus\u201c"},"content":{"rendered":"<p>Nach dem riesigen Erfolg des Musicals \u201eMedicus\u201c im zur\u00fcckliegenden Jahr ist eine Fortsetzung eigentlich selbstverst\u00e4ndlich. Und so laufen die Vorbereitungen f\u00fcr den Start am 14. Juni bereits seit einigen Monaten auf Hochtouren. Das Drehbuch wurde nochmals angepasst, Szenen ver\u00e4ndert, die Schauspieler und S\u00e4nger proben intensiv und das gesamte Ensemble freut sich auf die Premiere 2017. Auch zahlreiche weitere Akteure helfen im Hintergrund, damit der Start in die diesj\u00e4hrige Musical-Saison optimal verl\u00e4uft. Als Sponsorpartner beispielsweise arbeitet das Team von Herzau + Schmitt am B\u00fchnenbild mit. Im vergangenen Jahr hat der Metall verarbeitende Betrieb orientalische Ornamente f\u00fcr das B\u00fchnenbild erstellt. Was liegt also n\u00e4her, als auch in diesem Jahr mitzuhelfen: Aktuell erstellen die Mitarbeiter einen Teil des filigranen B\u00fchnenbildes aus Aluminium mit Holzoptik. Dazu erl\u00e4utert Musical-Produzent Peter Scholz (lks.) \u201eDas Team von Herzau + Schmitt wird den Hintergrund einer Zwischenstation im Balkan mitgestalten. Da diese Szene etwa 15 Minuten umfasst, muss das B\u00fchnenbild besonders toll aussehen.\u201c Gesch\u00e4ftsf\u00fchrer Markus Schmitt erg\u00e4nzt: \u201eDie Zusammenarbeit hat bereits im vergangenen Jahr gro\u00dfartig geklappt und die Mitarbeiter haben sich in diesem Jahr schon auf die Umsetzung einer neuen Idee gefreut.\u201c<\/p>\n","protected":false},"excerpt":{"rendered":"<div class=\"tmnf_excerpt\"><p>Nach dem riesigen Erfolg des Musicals \u201eMedicus\u201c im zur\u00fcckliegenden Jahr ist eine Fortsetzung eigentlich selbstverst\u00e4ndlich. Und so laufen die Vorbereitungen f\u00fcr den Start am 14. Juni bereits seit einigen Monaten auf Hochtouren. Das Drehbuch wurde nochmals angepasst, Szenen ver\u00e4ndert, die Schauspieler und S\u00e4nger proben intensiv und das gesamte Ensemble freut sich auf die Premiere 2017. &hellip;<\/p>\n<\/div>","protected":false},"author":1,"featured_media":163615,"comment_status":"closed","ping_status":"closed","sticky":false,"template":"","format":"standard","meta":{"footnotes":""},"categories":[1],"tags":[],"class_list":["post-163609","post","type-post","status-publish","format-standard","has-post-thumbnail","hentry","category-startseite"],"_links":{"self":[{"href":"https:\/\/www.fuldaernachrichten.de\/index.php?rest_route=\/wp\/v2\/posts\/163609","targetHints":{"allow":["GET"]}}],"collection":[{"href":"https:\/\/www.fuldaernachrichten.de\/index.php?rest_route=\/wp\/v2\/posts"}],"about":[{"href":"https:\/\/www.fuldaernachrichten.de\/index.php?rest_route=\/wp\/v2\/types\/post"}],"author":[{"embeddable":true,"href":"https:\/\/www.fuldaernachrichten.de\/index.php?rest_route=\/wp\/v2\/users\/1"}],"replies":[{"embeddable":true,"href":"https:\/\/www.fuldaernachrichten.de\/index.php?rest_route=%2Fwp%2Fv2%2Fcomments&post=163609"}],"version-history":[{"count":1,"href":"https:\/\/www.fuldaernachrichten.de\/index.php?rest_route=\/wp\/v2\/posts\/163609\/revisions"}],"predecessor-version":[{"id":163616,"href":"https:\/\/www.fuldaernachrichten.de\/index.php?rest_route=\/wp\/v2\/posts\/163609\/revisions\/163616"}],"wp:featuredmedia":[{"embeddable":true,"href":"https:\/\/www.fuldaernachrichten.de\/index.php?rest_route=\/wp\/v2\/media\/163615"}],"wp:attachment":[{"href":"https:\/\/www.fuldaernachrichten.de\/index.php?rest_route=%2Fwp%2Fv2%2Fmedia&parent=163609"}],"wp:term":[{"taxonomy":"category","embeddable":true,"href":"https:\/\/www.fuldaernachrichten.de\/index.php?rest_route=%2Fwp%2Fv2%2Fcategories&post=163609"},{"taxonomy":"post_tag","embeddable":true,"href":"https:\/\/www.fuldaernachrichten.de\/index.php?rest_route=%2Fwp%2Fv2%2Ftags&post=163609"}],"curies":[{"name":"wp","href":"https:\/\/api.w.org\/{rel}","templated":true}]}}