{"id":163599,"date":"2017-05-26T08:18:32","date_gmt":"2017-05-26T06:18:32","guid":{"rendered":"http:\/\/www.fuldaer-nachrichten.de\/?p=163599"},"modified":"2017-05-26T08:18:41","modified_gmt":"2017-05-26T06:18:41","slug":"ein-neuer-name-haus-der-schwarzen-berge-nun-offiziell-biosphaerenzentrum-rhoen-haus-der-schwarzen-berge-%e2%80%a8","status":"publish","type":"post","link":"https:\/\/www.fuldaernachrichten.de\/?p=163599","title":{"rendered":"Ein neuer Name: Haus der Schwarzen Berge nun offiziell \u201eBiosph\u00e4renzentrum Rh\u00f6n &#8211; Haus der Schwarzen Berge\u201c\t \u00e2\u20ac\u00a8"},"content":{"rendered":"<p>Nachdem der Landkreis Bad Kissingen der neue Eigent\u00fcmer des Hauses der Schwarzen Berge in Oberbach ist und dort die Rh\u00f6n GmbH sowie der Verein Naturpark und Biosph\u00e4renreservat Bayerische Rh\u00f6n e.V. ans\u00e4ssig sind, erh\u00e4lt das Geb\u00e4ude nun einen neuen Titel: \u201eBiosph\u00e4renzentrum Rh\u00f6n &#8211; Haus der Schwarzen Berge\u201c. Der neue Name soll die verschiedenen Funktionen des Hauses \u2013 von Caf\u00e9 \u00fcber Touristinfo und Regionalladen bis zu Umweltbildung \u2013 besser erkl\u00e4ren und versinnbildlichen.<\/p>\n<p>\u201eMit dem neuen Titel und der ansprechenden Beschilderung sticht das \u00e2\u20ac\u0161Biosph\u00e4renzentrum Rh\u00f6n &#8211; Haus der Schwarzen Berge\u00e2\u20ac\u02dc noch st\u00e4rker ins Auge und bleibt in Erinnerung \u2013 selbst wenn man nur zuf\u00e4llig vorbeikommt. Auf diese Weise wird das Haus sowohl f\u00fcr B\u00fcrgerinnen und B\u00fcrger des Landkreises als auch f\u00fcr Besucher noch pr\u00e4senter\u201c, erkl\u00e4rt Landrat Thomas Bold.<\/p>\n<p>Im Zuge der Umstrukturierung wurde nun zun\u00e4chst das Haus selbst neu beschildert. Auch die Aktionswegweiser an den Zufahrtsstra\u00dfen, die zum \u201eBiosph\u00e4renzentrum Rh\u00f6n &#8211; Haus der Schwarzen Berge\u201c f\u00fchren, sollen im Lauf des Jahres noch ausgetauscht werden.\u00c2\u00a0\u00c2\u00a0 \u00c2\u00a0 \u00e2\u20ac\u00a8Gef\u00f6rdert wird die gesamte Neubeschilderung \u00fcber das Konversionsmanagement des Landkreises Bad Kissingen. Dieses wurde im Zuge der Bundeswehrreform und den damit verbundenen Ver\u00e4nderungen in Wildflecken und Hammelburg eingerichtet. Gef\u00f6rdert wird das Konversionsmanagement vom Bayerischen Staatsministerium der Finanzen, f\u00fcr Landesentwicklung und Heimat.\u00e2\u20ac\u00a8Das Konversionsmanagement k\u00fcmmert sich darum, betroffene Regionen besonders zu f\u00f6rdern und in ihrer Entwicklung zu st\u00e4rken und ist dem Regionalmanagement des Landkreises zugeordnet.<\/p>\n<p>Mit der neuen Beschilderung des \u201eBiosph\u00e4renzentrum Rh\u00f6n &#8211; Haus der Schwarzen Berge\u201c wird die Region rund um Oberbach\/ Wildflecken st\u00e4rker in den Fokus ger\u00fcckt und Tourismus und Umweltbildung gest\u00e4rkt. Zugleich verbessert die aktualisierte Beschilderung die Infrastruktur.<\/p>\n","protected":false},"excerpt":{"rendered":"<div class=\"tmnf_excerpt\"><p>Nachdem der Landkreis Bad Kissingen der neue Eigent\u00fcmer des Hauses der Schwarzen Berge in Oberbach ist und dort die Rh\u00f6n GmbH sowie der Verein Naturpark und Biosph\u00e4renreservat Bayerische Rh\u00f6n e.V. ans\u00e4ssig sind, erh\u00e4lt das Geb\u00e4ude nun einen neuen Titel: \u201eBiosph\u00e4renzentrum Rh\u00f6n &#8211; Haus der Schwarzen Berge\u201c. Der neue Name soll die verschiedenen Funktionen des Hauses &hellip;<\/p>\n<\/div>","protected":false},"author":1,"featured_media":163606,"comment_status":"closed","ping_status":"closed","sticky":false,"template":"","format":"standard","meta":{"footnotes":""},"categories":[1],"tags":[],"class_list":["post-163599","post","type-post","status-publish","format-standard","has-post-thumbnail","hentry","category-startseite"],"_links":{"self":[{"href":"https:\/\/www.fuldaernachrichten.de\/index.php?rest_route=\/wp\/v2\/posts\/163599","targetHints":{"allow":["GET"]}}],"collection":[{"href":"https:\/\/www.fuldaernachrichten.de\/index.php?rest_route=\/wp\/v2\/posts"}],"about":[{"href":"https:\/\/www.fuldaernachrichten.de\/index.php?rest_route=\/wp\/v2\/types\/post"}],"author":[{"embeddable":true,"href":"https:\/\/www.fuldaernachrichten.de\/index.php?rest_route=\/wp\/v2\/users\/1"}],"replies":[{"embeddable":true,"href":"https:\/\/www.fuldaernachrichten.de\/index.php?rest_route=%2Fwp%2Fv2%2Fcomments&post=163599"}],"version-history":[{"count":1,"href":"https:\/\/www.fuldaernachrichten.de\/index.php?rest_route=\/wp\/v2\/posts\/163599\/revisions"}],"predecessor-version":[{"id":163607,"href":"https:\/\/www.fuldaernachrichten.de\/index.php?rest_route=\/wp\/v2\/posts\/163599\/revisions\/163607"}],"wp:featuredmedia":[{"embeddable":true,"href":"https:\/\/www.fuldaernachrichten.de\/index.php?rest_route=\/wp\/v2\/media\/163606"}],"wp:attachment":[{"href":"https:\/\/www.fuldaernachrichten.de\/index.php?rest_route=%2Fwp%2Fv2%2Fmedia&parent=163599"}],"wp:term":[{"taxonomy":"category","embeddable":true,"href":"https:\/\/www.fuldaernachrichten.de\/index.php?rest_route=%2Fwp%2Fv2%2Fcategories&post=163599"},{"taxonomy":"post_tag","embeddable":true,"href":"https:\/\/www.fuldaernachrichten.de\/index.php?rest_route=%2Fwp%2Fv2%2Ftags&post=163599"}],"curies":[{"name":"wp","href":"https:\/\/api.w.org\/{rel}","templated":true}]}}