{"id":163568,"date":"2017-05-26T08:07:59","date_gmt":"2017-05-26T06:07:59","guid":{"rendered":"http:\/\/www.fuldaer-nachrichten.de\/?p=163568"},"modified":"2017-05-26T08:07:59","modified_gmt":"2017-05-26T06:07:59","slug":"die-tausend-tage-des-john-f-kennedy-vortrag-anlaesslich-seines-100-geburtstags","status":"publish","type":"post","link":"https:\/\/www.fuldaernachrichten.de\/?p=163568","title":{"rendered":"Die tausend Tage des John F. Kennedy Vortrag anl\u00e4sslich seines 100. Geburtstags"},"content":{"rendered":"<p>Am Mittwoch, den 31. Mai 2017 veranstaltet das Bonifatiushaus, die Katholische Akademie des Bistums Fulda einen Vortrag \u00fcber John F. Kennedy anl\u00e4sslich seines 100. Geburtstags. Mit dem Amtsantritt von John F. Kennedy im Januar 1961 verbanden sich gro\u00dfe Hoffnungen. Die damit verbundene Aufbruchstimmung ging weit \u00fcber die USA hinaus. Der Vortrag zieht eine Bilanz von Kennedys Amtszeit, die in einer Hochzeit des Kalten Krieges von schweren au\u00dfenpolitischen Krisen (Mauerbau, Kubakrise) gepr\u00e4gt war. Zugleich musste Kennedy eine Antwort auf die immer dr\u00e4ngendere Frage nach den B\u00fcrgerrechten f\u00fcr schwarze Amerikaner geben. Seine Ermordung nach &#8220;tausend Tagen&#8221; Pr\u00e4sidentschaft im November 1963 verst\u00e4rkte den Kennedy-Mythos, der bis heute auch international fast ungebrochen anh\u00e4lt. Referent ist Dr. Andreas Etges, vom Amerika-Institut der Universit\u00e4t M\u00fcnschen, der nicht nur ein Buch zu John F. Kennedy geschrieben hat, sondern auch Ausstellungen zu Kennedy in Berlin und Wien kuratiert hat. Der Eintritt ist frei. Anmeldungen werden erbeten an das Bonifatiushaus Tel.: 0661\/8398-117 oder unter info@bonifatiushaus.de.<\/p>\n","protected":false},"excerpt":{"rendered":"<div class=\"tmnf_excerpt\"><p>Am Mittwoch, den 31. Mai 2017 veranstaltet das Bonifatiushaus, die Katholische Akademie des Bistums Fulda einen Vortrag \u00fcber John F. Kennedy anl\u00e4sslich seines 100. Geburtstags. Mit dem Amtsantritt von John F. Kennedy im Januar 1961 verbanden sich gro\u00dfe Hoffnungen. Die damit verbundene Aufbruchstimmung ging weit \u00fcber die USA hinaus. Der Vortrag zieht eine Bilanz von &hellip;<\/p>\n<\/div>","protected":false},"author":1,"featured_media":0,"comment_status":"closed","ping_status":"closed","sticky":false,"template":"","format":"standard","meta":{"footnotes":""},"categories":[1],"tags":[],"class_list":["post-163568","post","type-post","status-publish","format-standard","hentry","category-startseite"],"_links":{"self":[{"href":"https:\/\/www.fuldaernachrichten.de\/index.php?rest_route=\/wp\/v2\/posts\/163568","targetHints":{"allow":["GET"]}}],"collection":[{"href":"https:\/\/www.fuldaernachrichten.de\/index.php?rest_route=\/wp\/v2\/posts"}],"about":[{"href":"https:\/\/www.fuldaernachrichten.de\/index.php?rest_route=\/wp\/v2\/types\/post"}],"author":[{"embeddable":true,"href":"https:\/\/www.fuldaernachrichten.de\/index.php?rest_route=\/wp\/v2\/users\/1"}],"replies":[{"embeddable":true,"href":"https:\/\/www.fuldaernachrichten.de\/index.php?rest_route=%2Fwp%2Fv2%2Fcomments&post=163568"}],"version-history":[{"count":1,"href":"https:\/\/www.fuldaernachrichten.de\/index.php?rest_route=\/wp\/v2\/posts\/163568\/revisions"}],"predecessor-version":[{"id":163571,"href":"https:\/\/www.fuldaernachrichten.de\/index.php?rest_route=\/wp\/v2\/posts\/163568\/revisions\/163571"}],"wp:attachment":[{"href":"https:\/\/www.fuldaernachrichten.de\/index.php?rest_route=%2Fwp%2Fv2%2Fmedia&parent=163568"}],"wp:term":[{"taxonomy":"category","embeddable":true,"href":"https:\/\/www.fuldaernachrichten.de\/index.php?rest_route=%2Fwp%2Fv2%2Fcategories&post=163568"},{"taxonomy":"post_tag","embeddable":true,"href":"https:\/\/www.fuldaernachrichten.de\/index.php?rest_route=%2Fwp%2Fv2%2Ftags&post=163568"}],"curies":[{"name":"wp","href":"https:\/\/api.w.org\/{rel}","templated":true}]}}