{"id":163564,"date":"2017-05-26T08:07:47","date_gmt":"2017-05-26T06:07:47","guid":{"rendered":"http:\/\/www.fuldaer-nachrichten.de\/?p=163564"},"modified":"2017-05-26T08:07:47","modified_gmt":"2017-05-26T06:07:47","slug":"lothar-mihm-erhaelt-ehrenwappenteller-der-stadt-huenfeld","status":"publish","type":"post","link":"https:\/\/www.fuldaernachrichten.de\/?p=163564","title":{"rendered":"Lothar Mihm erh\u00e4lt Ehrenwappenteller der Stadt H\u00fcnfeld"},"content":{"rendered":"<p>Eine Ehrung f\u00fcr einen besonders engagierten Menschen: Vorsitzender Lothar Mihm hat am Montag bei der Jahreshauptversammlung des H\u00fcnfelder Sportvereins den Ehrenwappenteller der Stadt H\u00fcnfeld erhalten. <\/p>\n<p>\u201eIn W\u00fcrdigung und Wertsch\u00e4tzung deiner gro\u00dfen Verdienste um den H\u00fcnfelder Sportverein als gr\u00f6\u00dften Sportverein unserer Stadt \u00fcberreichen wir dir den Ehrenwappenteller der Stadt H\u00fcnfeld\u201c, betonte B\u00fcrgermeister Stefan Schwenk im Clubheim des H\u00fcnfelder Stadions. Der HSV sei ein sportliches Aush\u00e4ngeschild f\u00fcr H\u00fcnfeld und biete Sportlern wie Zuschauern ein St\u00fcck Heimat. Einen gro\u00dfen Anteil daran habe Lothar Mihm, der seit 20 Jahren an der Spitze des Vereins steht. \u201eEr f\u00fchrt diesen Verein als eine Pers\u00f6nlichkeit, die durch und durch gepr\u00e4gt ist von dem Idealbild eines mittelst\u00e4ndischen Unternehmers\u201c, machte Schwenk deutlich.<br \/>\nLothar Mihm sei f\u00fcr einen B\u00fcrgermeister ein anspruchsvoller Partner, wenn man auf die vielen Bauma\u00dfnahmen blicke, die in den vergangenen Jahren unter seiner Verantwortung im Stadion Rh\u00f6nkampfbahn durchgef\u00fchrt wurden. \u201eEr hatte aber auch immer das Augenma\u00df und die Verantwortungsbereitschaft, dass wir stets nach geeigneten F\u00f6rderprogrammen Ausschau halten konnten, um diese Vorhaben finanziell verkraftbar sowohl f\u00fcr den Verein als auch f\u00fcr die Stadt H\u00fcnfeld stemmen zu k\u00f6nnen\u201c, sagte Schwenk.<\/p>\n<p>Der B\u00fcrgermeister bezeichnete Mihm als ein Mann, dessen Wort nicht nur Gewicht hat, sondern dessen Wort gilt. Er sei eine Pers\u00f6nlichkeit, die sich in die Verantwortung nehmen lasse und Verantwortung trage. \u201eDas gilt auch f\u00fcr seine Frau Monika, die sich in H\u00fcnfeld gro\u00dfe Verdienste und Wertsch\u00e4tzung als langj\u00e4hrige Erste Stadtr\u00e4tin erworben hat\u201c, erkl\u00e4rte der B\u00fcrgermeister und f\u00fcgte hinzu: \u201eNur mit Menschen eures Formates geht etwas voran.\u201c<\/p>\n<p>Gl\u00fcckw\u00fcnsche \u00fcberbrachte auch Stadtverordnetenvorsteher Berthold Quell. Lothar Mihm sei bekannt wie ein bunter Hund und bilde mit seiner Frau Monika eine Art \u201eEhrenamts-AG\u201c. Der HSV sei ein Verein, in dem gemeinsam in eine Richtung gegangen und nicht gegeneinander gearbeitet werde. <\/p>\n<p>Mihm bedankte sich unter gro\u00dfem Applaus der Mitglieder f\u00fcr die Auszeichnung: \u201eIch nehme sie gerne an, auch stellvertretend f\u00fcr die vielen Ehrenamtlichen im Verein.\u201c<\/p>\n<p>Das Bild zeigt (von links): Berthold Quell, Lothar Mihm und Stefan Schwenk.<\/p>\n","protected":false},"excerpt":{"rendered":"<div class=\"tmnf_excerpt\"><p>Eine Ehrung f\u00fcr einen besonders engagierten Menschen: Vorsitzender Lothar Mihm hat am Montag bei der Jahreshauptversammlung des H\u00fcnfelder Sportvereins den Ehrenwappenteller der Stadt H\u00fcnfeld erhalten. \u201eIn W\u00fcrdigung und Wertsch\u00e4tzung deiner gro\u00dfen Verdienste um den H\u00fcnfelder Sportverein als gr\u00f6\u00dften Sportverein unserer Stadt \u00fcberreichen wir dir den Ehrenwappenteller der Stadt H\u00fcnfeld\u201c, betonte B\u00fcrgermeister Stefan Schwenk im Clubheim &hellip;<\/p>\n<\/div>","protected":false},"author":1,"featured_media":163569,"comment_status":"closed","ping_status":"closed","sticky":false,"template":"","format":"standard","meta":{"footnotes":""},"categories":[1],"tags":[],"class_list":["post-163564","post","type-post","status-publish","format-standard","has-post-thumbnail","hentry","category-startseite"],"_links":{"self":[{"href":"https:\/\/www.fuldaernachrichten.de\/index.php?rest_route=\/wp\/v2\/posts\/163564","targetHints":{"allow":["GET"]}}],"collection":[{"href":"https:\/\/www.fuldaernachrichten.de\/index.php?rest_route=\/wp\/v2\/posts"}],"about":[{"href":"https:\/\/www.fuldaernachrichten.de\/index.php?rest_route=\/wp\/v2\/types\/post"}],"author":[{"embeddable":true,"href":"https:\/\/www.fuldaernachrichten.de\/index.php?rest_route=\/wp\/v2\/users\/1"}],"replies":[{"embeddable":true,"href":"https:\/\/www.fuldaernachrichten.de\/index.php?rest_route=%2Fwp%2Fv2%2Fcomments&post=163564"}],"version-history":[{"count":1,"href":"https:\/\/www.fuldaernachrichten.de\/index.php?rest_route=\/wp\/v2\/posts\/163564\/revisions"}],"predecessor-version":[{"id":163570,"href":"https:\/\/www.fuldaernachrichten.de\/index.php?rest_route=\/wp\/v2\/posts\/163564\/revisions\/163570"}],"wp:featuredmedia":[{"embeddable":true,"href":"https:\/\/www.fuldaernachrichten.de\/index.php?rest_route=\/wp\/v2\/media\/163569"}],"wp:attachment":[{"href":"https:\/\/www.fuldaernachrichten.de\/index.php?rest_route=%2Fwp%2Fv2%2Fmedia&parent=163564"}],"wp:term":[{"taxonomy":"category","embeddable":true,"href":"https:\/\/www.fuldaernachrichten.de\/index.php?rest_route=%2Fwp%2Fv2%2Fcategories&post=163564"},{"taxonomy":"post_tag","embeddable":true,"href":"https:\/\/www.fuldaernachrichten.de\/index.php?rest_route=%2Fwp%2Fv2%2Ftags&post=163564"}],"curies":[{"name":"wp","href":"https:\/\/api.w.org\/{rel}","templated":true}]}}