{"id":163559,"date":"2017-05-26T08:07:08","date_gmt":"2017-05-26T06:07:08","guid":{"rendered":"http:\/\/www.fuldaer-nachrichten.de\/?p=163559"},"modified":"2017-05-26T08:07:08","modified_gmt":"2017-05-26T06:07:08","slug":"fahrzeugeinweihung-tsf-w-freiwillige-feuerwehr-flieden-hoef-und-haid","status":"publish","type":"post","link":"https:\/\/www.fuldaernachrichten.de\/?p=163559","title":{"rendered":"Fahrzeugeinweihung TSF-W Freiwillige Feuerwehr Flieden-H\u00f6f und Haid"},"content":{"rendered":"<p>Die Freiwillige Feuerwehr H\u00f6f und Haid feierte am Sonntag, 14. Mai 2017, die Fahrzeugsegnung und Indienststellung ihres neuen TSF-W (Tragkraftspritzenfahrzeug mit Wasser).<\/p>\n<p>Erster Vorsitzender Siegfried Widdermann begr\u00fc\u00dfte zahlreiche G\u00e4ste und Ehreng\u00e4ste. Neben Landrat Bernd Woide waren u. a. auch der Landtagsabgeordnete Markus Meysner sowie Kreisbrandmeister Bernhard Wehner nach H\u00f6f und Haid gekommen. In seiner Rede ging der Vorsitzende besonders auf den nun zur Verf\u00fcgung stehenden Wasservorrat ein. Das \u201eW\u201c in der Bezeichnung TSF-W k\u00e4me nicht, weil zuf\u00e4llig der Nachname des Vorsitzenden und des Wehrf\u00fchrers mit \u201eW\u201c anfingen.<br \/>\n\u201eDieses moderne Fahrzeug gibt die M\u00f6glichkeit, kleinere technische Hilfeleistungen mit einer zeitgem\u00e4\u00dfen feuerwehrtechnischen Beladung durchzuf\u00fchren\u201c berichtete er.<\/p>\n<p>Kaplan Patrick Pr\u00e4hler segnete das neue Fahrzeug. In seiner Andacht ging er auch auf die Menschen ein, die dieses Fahrzeug mit seiner Ausr\u00fcstung bedienen und f\u00fcr andere Menschen in Notsituationen da sind.<\/p>\n<p>B\u00fcrgermeister Christian Henkel berichtete, dass der Antrag f\u00fcr die Beschaffung eines neuen Fahrzeugs in  2014 gestellt wurde. Im August 2015 kam die Zusage, dass das TSF-W beschafft werden k\u00f6nnte. Zusch\u00fcsse daf\u00fcr in Anspruch genommen werden. Die Projektsumme betr\u00e4gt insgesamt 105.000\u00c2\u00a0\u00e2\u201a\u00ac. Hiervon hat das Land Hessen mit Kosten in H\u00f6he von rd. 36.000\u00c2\u00a0\u00e2\u201a\u00acdas Fahrgestellt zentral beschafft; der Landkreis Fulda hat die Beschaffung von Beladung und Aufbau mit 4.700\u00c2\u00a0\u00e2\u201a\u00ac bezuschusst; der Rest wurde aus Eigenmitteln der Gemeinde finanziert.<\/p>\n<p>Auch Herr Henkel betonte, dass eine \u00dcbung, ein Einsatz ohne die Beteiligung der Feuerwehrkameraden nicht m\u00f6glich ist. Der Mensch ist und bleibt ein wichtiger Faktor im Feuerwehrdienst. Christian Henkel \u00fcbergab den symbolischen Fahrzeugschl\u00fcssel an den Gemeindebrandinspektor (GBI) Andreas Salfer. In seinem Bericht ging auch Salfer auf den Beschaffungsvorgang ein und bedankte sich bei den Gremien f\u00fcr die Bereitstellung der Mittel.<\/p>\n<p>Nachdem Wehrf\u00fchrer Uwe Wess den Schl\u00fcssel von ihm \u00fcberreicht bekommen hatte, bedankte er sich besonders f\u00fcr die Unterst\u00fctzung w\u00e4hrend des Beschaffungsvorganges bei GBI Andreas Salfer. Wess hofft, dass durch die Neuanschaffung des TSF-W die \u00dcbungsbeteiligung noch besser wird.<\/p>\n<p>Weitere Gru\u00dfworte folgten durch den Ortsbeirat, vertreten durch Renate Bergmann-Schiller, Landrat Woide, Herrn Meysner und Kreisbrandmeister Wehner.<\/p>\n<p>Festlich umrahmt wurde das Fest durch die musikalische Begleitung der \u201eCombo der D\u00f6ngesm\u00fchler\u201c. Begleitend konnten die Besucher im Dorfgemeinschaftshaus die Historie der Freiwilligen Feuerwehr H\u00f6f und Haid anhand von Bild- und Textmaterial erkunden. <\/p>\n<p>Bildunterschrift:<br \/>\nv.l.: Kreisbrandmeister Bernhard Wehner, GBI Andreas Salfer, Wehrf\u00fchrer Uwe Wess, Markus Meysner, Kaplan Patrick Pr\u00e4hler, Landrat Bernd Woide, B\u00fcrgermeister Christian Henkel, stellv. GBI Andreas Friedrich, Siegfried Widdermann<\/p>\n","protected":false},"excerpt":{"rendered":"<div class=\"tmnf_excerpt\"><p>Die Freiwillige Feuerwehr H\u00f6f und Haid feierte am Sonntag, 14. Mai 2017, die Fahrzeugsegnung und Indienststellung ihres neuen TSF-W (Tragkraftspritzenfahrzeug mit Wasser). Erster Vorsitzender Siegfried Widdermann begr\u00fc\u00dfte zahlreiche G\u00e4ste und Ehreng\u00e4ste. Neben Landrat Bernd Woide waren u. a. auch der Landtagsabgeordnete Markus Meysner sowie Kreisbrandmeister Bernhard Wehner nach H\u00f6f und Haid gekommen. In seiner Rede &hellip;<\/p>\n<\/div>","protected":false},"author":1,"featured_media":163566,"comment_status":"closed","ping_status":"closed","sticky":false,"template":"","format":"standard","meta":{"footnotes":""},"categories":[1],"tags":[],"class_list":["post-163559","post","type-post","status-publish","format-standard","has-post-thumbnail","hentry","category-startseite"],"_links":{"self":[{"href":"https:\/\/www.fuldaernachrichten.de\/index.php?rest_route=\/wp\/v2\/posts\/163559","targetHints":{"allow":["GET"]}}],"collection":[{"href":"https:\/\/www.fuldaernachrichten.de\/index.php?rest_route=\/wp\/v2\/posts"}],"about":[{"href":"https:\/\/www.fuldaernachrichten.de\/index.php?rest_route=\/wp\/v2\/types\/post"}],"author":[{"embeddable":true,"href":"https:\/\/www.fuldaernachrichten.de\/index.php?rest_route=\/wp\/v2\/users\/1"}],"replies":[{"embeddable":true,"href":"https:\/\/www.fuldaernachrichten.de\/index.php?rest_route=%2Fwp%2Fv2%2Fcomments&post=163559"}],"version-history":[{"count":1,"href":"https:\/\/www.fuldaernachrichten.de\/index.php?rest_route=\/wp\/v2\/posts\/163559\/revisions"}],"predecessor-version":[{"id":163567,"href":"https:\/\/www.fuldaernachrichten.de\/index.php?rest_route=\/wp\/v2\/posts\/163559\/revisions\/163567"}],"wp:featuredmedia":[{"embeddable":true,"href":"https:\/\/www.fuldaernachrichten.de\/index.php?rest_route=\/wp\/v2\/media\/163566"}],"wp:attachment":[{"href":"https:\/\/www.fuldaernachrichten.de\/index.php?rest_route=%2Fwp%2Fv2%2Fmedia&parent=163559"}],"wp:term":[{"taxonomy":"category","embeddable":true,"href":"https:\/\/www.fuldaernachrichten.de\/index.php?rest_route=%2Fwp%2Fv2%2Fcategories&post=163559"},{"taxonomy":"post_tag","embeddable":true,"href":"https:\/\/www.fuldaernachrichten.de\/index.php?rest_route=%2Fwp%2Fv2%2Ftags&post=163559"}],"curies":[{"name":"wp","href":"https:\/\/api.w.org\/{rel}","templated":true}]}}