{"id":163538,"date":"2017-05-26T08:04:12","date_gmt":"2017-05-26T06:04:12","guid":{"rendered":"http:\/\/www.fuldaer-nachrichten.de\/?p=163538"},"modified":"2017-05-26T08:04:12","modified_gmt":"2017-05-26T06:04:12","slug":"erstes-festival-des-bieres-im-kurpark-bad-orb-mit-live-musik","status":"publish","type":"post","link":"https:\/\/www.fuldaernachrichten.de\/?p=163538","title":{"rendered":"Erstes \u201eFestival des Bieres\u201c im Kurpark Bad Orb mit Live-Musik"},"content":{"rendered":"<p>Eine au\u00dfergew\u00f6hnliche Location, Live-Musik und vor allem viele verschiedene Biersorten \u2013 in Bad Orb findet von Freitag, den 9. bis Sonntag, den 11. Juni das \u201eFestival des Bieres\u201c statt. Die Organisatoren von Seven Days m\u00f6chten im Main-Kinzig-Kreis ein neues Angebot schaffen, das an den erfolgreichen Event in Fulda angelehnt ist. Der Eintritt ist an allen Tagen frei.<\/p>\n<p>Seven Days bewirtet seit geraumer Zeit den Konzertsaal sowie den Kurpark. \u201eWir wollen die Veranstaltung nun auch in Bad Ort etablieren. Das ist eine tolle Location\u201c, sagt Seven Days Inhaber Florjan Kamberi, der anf\u00fcgt: \u201eIm Main-Kinzig-Kreis gibt es ein Fest dieser Art noch nicht.\u201c Inmitten der Allee mit B\u00e4umen wird die Bestuhlung f\u00fcr die G\u00e4ste aufgebaut, davor werden die Essens- und Getr\u00e4nkest\u00e4nde platziert. \u201eWir wollen eine gem\u00fctliche und lockere Atmosph\u00e4re schaffen\u201c, so Kamberi.<\/p>\n<p>Im Mittelpunkt steht das Bier. So konnten f\u00fcr die Veranstaltung die Brauereien Veltins, K\u00f6nig Pilsener, Grevensteiner, RavenKraft, Hohmanns Brauhaus, McM\u00fcllers, Bunkerbr\u00e4u und Franks Getr\u00e4nkewelt gewonnen werden. \u201eDas Besondere wird sein, dass wir noch mehr Craft Beer anbieten werden\u201c, so Kamberi. Bei der Auswahl der Brauereien war es ihm nat\u00fcrlich ein besonderes Anliegen, eine gro\u00dfe Bandbreite zusammenzustellen. Selbstverst\u00e4ndlich wird es auch alkoholfreie Getr\u00e4nke geben. Das passende Speiseangebot bietet der Caterer Seven Days selbst. An allen Tagen werden leckere Snacks passend zum Bier gereicht.<\/p>\n<p>Neben jeder Menge Bier besticht das Fest vor allem auch durch sein Unterhaltungsprogramm. So wird den Besuchern an allen drei Tagen Live-Musik geboten. Am Freitag, den 9. Juni spielt ab 18.30 Uhr die Band \u201eFrontal Party Pur\u201c. Nur einen Tag sp\u00e4ter am Samstag, den 10. Juni sorgt die Band \u201eSnow\u201c f\u00fcr gute Unterhaltung. Am Freitag und Samstag hat das Fest jeweils von 14 bis 24 Uhr ge\u00f6ffnet. Am Sonntag k\u00f6nnen die Besucher dann bereits ab 11 Uhr beim Fr\u00fchschoppen mit S\u00e4nger Ulli Roth feiern. Ab 15 Uhr spielt die \u201eRh\u00f6ner B\u00f6hmisch-M\u00e4hrische-Blasmusik\u201c.<\/p>\n<p>Das zweite Bierfestival im Fuldaer Museumshof findet in diesem Jahr vom 21. bis 23. Juli statt.<\/p>\n","protected":false},"excerpt":{"rendered":"<div class=\"tmnf_excerpt\"><p>Eine au\u00dfergew\u00f6hnliche Location, Live-Musik und vor allem viele verschiedene Biersorten \u2013 in Bad Orb findet von Freitag, den 9. bis Sonntag, den 11. Juni das \u201eFestival des Bieres\u201c statt. Die Organisatoren von Seven Days m\u00f6chten im Main-Kinzig-Kreis ein neues Angebot schaffen, das an den erfolgreichen Event in Fulda angelehnt ist. Der Eintritt ist an allen &hellip;<\/p>\n<\/div>","protected":false},"author":1,"featured_media":163548,"comment_status":"closed","ping_status":"closed","sticky":false,"template":"","format":"standard","meta":{"footnotes":""},"categories":[1],"tags":[],"class_list":["post-163538","post","type-post","status-publish","format-standard","has-post-thumbnail","hentry","category-startseite"],"_links":{"self":[{"href":"https:\/\/www.fuldaernachrichten.de\/index.php?rest_route=\/wp\/v2\/posts\/163538","targetHints":{"allow":["GET"]}}],"collection":[{"href":"https:\/\/www.fuldaernachrichten.de\/index.php?rest_route=\/wp\/v2\/posts"}],"about":[{"href":"https:\/\/www.fuldaernachrichten.de\/index.php?rest_route=\/wp\/v2\/types\/post"}],"author":[{"embeddable":true,"href":"https:\/\/www.fuldaernachrichten.de\/index.php?rest_route=\/wp\/v2\/users\/1"}],"replies":[{"embeddable":true,"href":"https:\/\/www.fuldaernachrichten.de\/index.php?rest_route=%2Fwp%2Fv2%2Fcomments&post=163538"}],"version-history":[{"count":1,"href":"https:\/\/www.fuldaernachrichten.de\/index.php?rest_route=\/wp\/v2\/posts\/163538\/revisions"}],"predecessor-version":[{"id":163550,"href":"https:\/\/www.fuldaernachrichten.de\/index.php?rest_route=\/wp\/v2\/posts\/163538\/revisions\/163550"}],"wp:featuredmedia":[{"embeddable":true,"href":"https:\/\/www.fuldaernachrichten.de\/index.php?rest_route=\/wp\/v2\/media\/163548"}],"wp:attachment":[{"href":"https:\/\/www.fuldaernachrichten.de\/index.php?rest_route=%2Fwp%2Fv2%2Fmedia&parent=163538"}],"wp:term":[{"taxonomy":"category","embeddable":true,"href":"https:\/\/www.fuldaernachrichten.de\/index.php?rest_route=%2Fwp%2Fv2%2Fcategories&post=163538"},{"taxonomy":"post_tag","embeddable":true,"href":"https:\/\/www.fuldaernachrichten.de\/index.php?rest_route=%2Fwp%2Fv2%2Ftags&post=163538"}],"curies":[{"name":"wp","href":"https:\/\/api.w.org\/{rel}","templated":true}]}}