{"id":163536,"date":"2017-05-26T08:03:06","date_gmt":"2017-05-26T06:03:06","guid":{"rendered":"http:\/\/www.fuldaer-nachrichten.de\/?p=163536"},"modified":"2017-05-26T08:03:06","modified_gmt":"2017-05-26T06:03:06","slug":"kinderhort-poppenhausen-verfolgt-partizipativen-ansatz-und-ist-ein-standortfaktor","status":"publish","type":"post","link":"https:\/\/www.fuldaernachrichten.de\/?p=163536","title":{"rendered":"Kinderhort Poppenhausen verfolgt partizipativen Ansatz und ist ein Standortfaktor\u00c2\u00a0"},"content":{"rendered":"<p>\u201eOh Mann, ist mir langweilig. Was kann ich denn blo\u00df tun?\u201c Bei dieser Frage, die aus dem Mund einer Neunj\u00e4hrigen kommt, bleibt das Erzieherinnen-Team des Kinderhorts in Poppenhausen ganz gelassen.<\/p>\n<p>Hortleiterin Kathrin Hoffmann und deren Mitarbeiterinnen verstehen sich n\u00e4mlich nicht als die \u201eBespa\u00dfer vom Dienst\u201c, sondern in erster Linie als Begleiterinnen, Bildungspartner und aktive Ratgeber. \u201eWir sind Spielgef\u00e4hrten, wenn es n\u00f6tig ist\u201c, erkl\u00e4rt die Hortleiterin. \u201eMit unserem p\u00e4dagogischen Konzept verfolgen wir grunds\u00e4tzlich einen offenen teilhabenden Ansatz; dieser bietet den Kindern eine wertvolle Lernumgebung und viele M\u00f6glichkeiten, sich im sozialen Bereich mit sich und anderen auseinanderzusetzen, eigene St\u00e4rken herauszufinden und an den Herausforderungen in der Gemeinschaft zu wachsen.\u201c<\/p>\n<p>(Frei-)Spiel und Bewegung sind dabei feste Bestandteile des strukturierten Tagesablaufs, zu dem auch das gemeinsame Mittagessen geh\u00f6rt und die Hausaufgabenzeit eine dominierende Rolle einnimmt. Der Hort, der sich im Von-Steinr\u00fcck-Haus befindet, \u00f6ffnet um 12.45 Uhr \u2013 zu dieser Zeit endet die sechste Unterrichtsstunde an der Grundschule Poppenhausen, die nur knapp 200 Meter vom Hort entfernt ist. <\/p>\n<p>Von 13 bis 13.30 Uhr wird im Hort zu Mittag gegessen. Ein Caterer bereitet die Speisen t\u00e4glich frisch zu. Nach dem Essen d\u00fcrfen die Kinder laut Kathrin Hoffmann ihrem Bewegungsdrang freien Lauf lassen und sich austoben. Zwischen 14 und 15 Uhr wird es ganz leise in den Hortr\u00e4umen, denn dann sind die M\u00e4dchen und Jungen mit ihren Hausaufgaben besch\u00e4ftigt. Die Erzieherinnen unterst\u00fctzen sie dabei und sorgen daf\u00fcr, dass L\u00f6sungen erarbeitet und Probleme in Angriff genommen werden. <\/p>\n<p>Nach den Hausaufgaben haben die Kinder Freispielzeit. Ab 16 Uhr ist Aufbruchsstimmung im Hort sp\u00fcrbar. Entweder trudeln nach und nach die Eltern ein, um ihre Kinder abzuholen, oder die M\u00e4dchen und Jungen begeben sich selbstst\u00e4ndig auf den Nachhauseweg, bevor die Einrichtung um 16.30 Uhr schlie\u00dft.<\/p>\n<p>Den Kinderhort gibt es seit 2009 in der Rh\u00f6ngemeinde. Damals war eine Bedarfsermittlung durchgef\u00fchrt worden, und die Gemeinde, die auch Tr\u00e4ger der Einrichtung ist, handelte unmittelbar danach. Aktuell werden rund 20 Kinder im Hort betreut. Demn\u00e4chst k\u00f6nnten es 25 sein. Eine entsprechende Betriebsgenehmigung sei bereits auf den Weg gebracht, so  B\u00fcrgermeister Manfred Helfrich, der in den Angeboten zur Kinderbetreuung und -bildung entscheidende Standortfaktoren sieht. \u201eEs ist unser Bestreben, die hier lebenden Familien und auch die alleinerziehenden Eltern zu unterst\u00fctzen\u201c, so Helfrich. Die Eltern haben laut Hortleiterin Kathrin Hoffmann die M\u00f6glichkeit, Betreuungstage flexibel zu w\u00e4hlen. Die Betreuungskosten betragen 22 Euro pro Tag. Hinzu kommen Kosten f\u00fcr das Mittagessen sowie Tee- und Spielgeld.<\/p>\n<p>Da die Nachfrage nach Betreuungspl\u00e4tzen steigt, war es erforderlich, f\u00fcr mehr Platz im Hort zu sorgen. Erst k\u00fcrzlich wurde der 30 Quadratmeter gro\u00dfe Anbau eingeweiht. Mit dem zus\u00e4tzlichen Raumangebot, der gro\u00dfen Halle des Von-Steinr\u00fcck-Hauses, welche die Hortkinder ebenfalls f\u00fcr Bewegungsspiele nutzen d\u00fcrfen, dem gro\u00dfen Spielplatz in der Nachbarschaft und dem kleinen G\u00e4rtchen vor der Hort-T\u00fcr sind jedenfalls jede Menge Freiraum und Abwechslung garantiert. <\/p>\n","protected":false},"excerpt":{"rendered":"<div class=\"tmnf_excerpt\"><p>\u201eOh Mann, ist mir langweilig. Was kann ich denn blo\u00df tun?\u201c Bei dieser Frage, die aus dem Mund einer Neunj\u00e4hrigen kommt, bleibt das Erzieherinnen-Team des Kinderhorts in Poppenhausen ganz gelassen. Hortleiterin Kathrin Hoffmann und deren Mitarbeiterinnen verstehen sich n\u00e4mlich nicht als die \u201eBespa\u00dfer vom Dienst\u201c, sondern in erster Linie als Begleiterinnen, Bildungspartner und aktive Ratgeber. &hellip;<\/p>\n<\/div>","protected":false},"author":1,"featured_media":163543,"comment_status":"closed","ping_status":"closed","sticky":false,"template":"","format":"standard","meta":{"footnotes":""},"categories":[1],"tags":[],"class_list":["post-163536","post","type-post","status-publish","format-standard","has-post-thumbnail","hentry","category-startseite"],"_links":{"self":[{"href":"https:\/\/www.fuldaernachrichten.de\/index.php?rest_route=\/wp\/v2\/posts\/163536","targetHints":{"allow":["GET"]}}],"collection":[{"href":"https:\/\/www.fuldaernachrichten.de\/index.php?rest_route=\/wp\/v2\/posts"}],"about":[{"href":"https:\/\/www.fuldaernachrichten.de\/index.php?rest_route=\/wp\/v2\/types\/post"}],"author":[{"embeddable":true,"href":"https:\/\/www.fuldaernachrichten.de\/index.php?rest_route=\/wp\/v2\/users\/1"}],"replies":[{"embeddable":true,"href":"https:\/\/www.fuldaernachrichten.de\/index.php?rest_route=%2Fwp%2Fv2%2Fcomments&post=163536"}],"version-history":[{"count":1,"href":"https:\/\/www.fuldaernachrichten.de\/index.php?rest_route=\/wp\/v2\/posts\/163536\/revisions"}],"predecessor-version":[{"id":163544,"href":"https:\/\/www.fuldaernachrichten.de\/index.php?rest_route=\/wp\/v2\/posts\/163536\/revisions\/163544"}],"wp:featuredmedia":[{"embeddable":true,"href":"https:\/\/www.fuldaernachrichten.de\/index.php?rest_route=\/wp\/v2\/media\/163543"}],"wp:attachment":[{"href":"https:\/\/www.fuldaernachrichten.de\/index.php?rest_route=%2Fwp%2Fv2%2Fmedia&parent=163536"}],"wp:term":[{"taxonomy":"category","embeddable":true,"href":"https:\/\/www.fuldaernachrichten.de\/index.php?rest_route=%2Fwp%2Fv2%2Fcategories&post=163536"},{"taxonomy":"post_tag","embeddable":true,"href":"https:\/\/www.fuldaernachrichten.de\/index.php?rest_route=%2Fwp%2Fv2%2Ftags&post=163536"}],"curies":[{"name":"wp","href":"https:\/\/api.w.org\/{rel}","templated":true}]}}