{"id":163529,"date":"2017-05-26T08:01:05","date_gmt":"2017-05-26T06:01:05","guid":{"rendered":"http:\/\/www.fuldaer-nachrichten.de\/?p=163529"},"modified":"2017-05-26T08:01:05","modified_gmt":"2017-05-26T06:01:05","slug":"pfarrer-dr-michael-grimm-als-polizei-und-notfallseelsorge-beauftragter-eingefuehrt","status":"publish","type":"post","link":"https:\/\/www.fuldaernachrichten.de\/?p=163529","title":{"rendered":"Pfarrer Dr. Michael Grimm als Polizei- und Notfallseelsorge-Beauftragter eingef\u00fchrt"},"content":{"rendered":"<p>In einem feierlichen Gottesdienst, an dem auch G\u00e4ste von Polizei und Bundespolizei, Feuerwehr, Vertreter von Stadt und Landkreis Fulda, Malteser Hilfsdienst und katholischer Notfallseelsorge teilnahmen, wurde Pfarrer Grimm in diese Aufgabe eingef\u00fchrt. Er nimmt sie zus\u00e4tzlich zu seinen Aufgaben als Gemeindepfarrer im Kirchspiel Vers\u00f6hnungskirche-Tr\u00e4tzhof wahr.<\/p>\n<p>\u201eIch habe eine schlechte Nachricht f\u00fcr Sie\u201c, verk\u00fcndete Landespolizeipfarrer Kurt Gr\u00fctzner gestern den Gottesdienstbesuchern der evangelischen Vers\u00f6hnungskirchengemeinde mit einem Augenzwinkern. \u201eIhr Pfarrer Michael Grimm hat noch eine andere Gemeinde. Als Polizeiseelsorger sind auch die Polizistinnen und Polizisten der Polizeidirektion Fulda seine Gemeinde.\u201c Die gute Nachricht ist, dass der evangelische Kirchenkreis Fulda wieder einen Beauftragten f\u00fcr die wichtigen Sonderbereiche von Polizei- und Notfallseelsorge hat.<\/p>\n<p>Dekan Bengt Seeberg bezeichnete die Seelsorge als \u201eMuttersprache\u201c der Kirche und die Notfallseelsorge als einen wichtigen Bereich davon. Im Kreis Fulda wird die Notfallseelsorge in \u00f6kumenischer Verbundenheit von evangelischer und katholischer Kirche getragen. Rund um die Uhr, sieben Tage die Woche, ist ein Notfallseelsorger erreichbar. Die Koordination dieser Aufgabe von evangelischer Seite liegt k\u00fcnftig bei Michael Grimm.<br \/>\nIn seiner Predigt verlegte Michael Grimm das bekannte biblische Gleichnis vom barm\u00c2\u00adherzigen Samariter auf eine Bundesstra\u00dfe im Kreis Fulda. Heute h\u00e4tten Polizei, Feuerwehr und Rettungsdiensten dem Opfer geholfen. Aber auch professionelle Helferinnen und Helfer sto\u00dfen immer wieder an ihre Grenzen. Als Polizeipfarrer und Beauftragter f\u00fcr Notfallseel\u00c2\u00adsorge will er deshalb besonders auch Ansprechpartner f\u00fcr die Helfer sein.<\/p>\n<p>Polizeipr\u00e4sident G\u00fcnther Vo\u00df unterst\u00fctzte dieses Anliegen. Konkret und eindr\u00fccklich schilderte er, wie sehr auch Polizisten und ihre Angeh\u00f6rigen Seelsorge brauchen. Stadtrat Stefan Grauel \u00fcberbrachte Gr\u00fc\u00dfe des Oberb\u00fcrgermeisters und empfahl Pfarrer Dr. Grimm: \u201eAchten Sie auf die Helfer, aber achten Sie auch auf sich selbst!\u201c<\/p>\n<p>Foto (Herzog): Zur Einf\u00fchrung von Pfr. Dr. Michael Grimm  (5. v.l.) gab es von vielen Seiten gute W\u00fcnsche (v.l.): Heinrich Becker (Kirchenvorstand Vers\u00f6hnungskirche), Karin Blum (Kirchenvorstand Tr\u00e4tzhof), Stadtrat Stefan Grauel, Dekan Bengt Seeberg, Nadine Renno (Polizeiseelsorgebeirat), Landespolizeipfarrer Kurt Gr\u00fctzner, Polizeipr\u00e4sident G\u00fcnther Vo\u00df, Alexander Eldracher und Diakon Markus Hildebrandt (Katholische Notfallseelsorge).<\/p>\n","protected":false},"excerpt":{"rendered":"<div class=\"tmnf_excerpt\"><p>In einem feierlichen Gottesdienst, an dem auch G\u00e4ste von Polizei und Bundespolizei, Feuerwehr, Vertreter von Stadt und Landkreis Fulda, Malteser Hilfsdienst und katholischer Notfallseelsorge teilnahmen, wurde Pfarrer Grimm in diese Aufgabe eingef\u00fchrt. Er nimmt sie zus\u00e4tzlich zu seinen Aufgaben als Gemeindepfarrer im Kirchspiel Vers\u00f6hnungskirche-Tr\u00e4tzhof wahr. \u201eIch habe eine schlechte Nachricht f\u00fcr Sie\u201c, verk\u00fcndete Landespolizeipfarrer Kurt &hellip;<\/p>\n<\/div>","protected":false},"author":1,"featured_media":163533,"comment_status":"closed","ping_status":"closed","sticky":false,"template":"","format":"standard","meta":{"footnotes":""},"categories":[1],"tags":[],"class_list":["post-163529","post","type-post","status-publish","format-standard","has-post-thumbnail","hentry","category-startseite"],"_links":{"self":[{"href":"https:\/\/www.fuldaernachrichten.de\/index.php?rest_route=\/wp\/v2\/posts\/163529","targetHints":{"allow":["GET"]}}],"collection":[{"href":"https:\/\/www.fuldaernachrichten.de\/index.php?rest_route=\/wp\/v2\/posts"}],"about":[{"href":"https:\/\/www.fuldaernachrichten.de\/index.php?rest_route=\/wp\/v2\/types\/post"}],"author":[{"embeddable":true,"href":"https:\/\/www.fuldaernachrichten.de\/index.php?rest_route=\/wp\/v2\/users\/1"}],"replies":[{"embeddable":true,"href":"https:\/\/www.fuldaernachrichten.de\/index.php?rest_route=%2Fwp%2Fv2%2Fcomments&post=163529"}],"version-history":[{"count":1,"href":"https:\/\/www.fuldaernachrichten.de\/index.php?rest_route=\/wp\/v2\/posts\/163529\/revisions"}],"predecessor-version":[{"id":163534,"href":"https:\/\/www.fuldaernachrichten.de\/index.php?rest_route=\/wp\/v2\/posts\/163529\/revisions\/163534"}],"wp:featuredmedia":[{"embeddable":true,"href":"https:\/\/www.fuldaernachrichten.de\/index.php?rest_route=\/wp\/v2\/media\/163533"}],"wp:attachment":[{"href":"https:\/\/www.fuldaernachrichten.de\/index.php?rest_route=%2Fwp%2Fv2%2Fmedia&parent=163529"}],"wp:term":[{"taxonomy":"category","embeddable":true,"href":"https:\/\/www.fuldaernachrichten.de\/index.php?rest_route=%2Fwp%2Fv2%2Fcategories&post=163529"},{"taxonomy":"post_tag","embeddable":true,"href":"https:\/\/www.fuldaernachrichten.de\/index.php?rest_route=%2Fwp%2Fv2%2Ftags&post=163529"}],"curies":[{"name":"wp","href":"https:\/\/api.w.org\/{rel}","templated":true}]}}