{"id":163526,"date":"2017-05-26T08:04:07","date_gmt":"2017-05-26T06:04:07","guid":{"rendered":"http:\/\/www.fuldaer-nachrichten.de\/?p=163526"},"modified":"2017-05-26T08:04:07","modified_gmt":"2017-05-26T06:04:07","slug":"veranstaltung-was-wird-aus-unserer-rente","status":"publish","type":"post","link":"https:\/\/www.fuldaernachrichten.de\/?p=163526","title":{"rendered":"Veranstaltung &#8220;Was wird aus unserer Rente?&#8221;"},"content":{"rendered":"<p><a href=\"http:\/\/www.fuldaer-nachrichten.de\/wp-content\/uploads\/2017\/05\/R\u00fctzel_3.jpg\"><img decoding=\"async\" src=\"http:\/\/www.fuldaer-nachrichten.de\/wp-content\/uploads\/2017\/05\/R\u00fctzel_3-265x176.jpg\" alt=\"\" width=\"265\" height=\"176\" class=\"alignleft size-thumbnail wp-image-163540\" \/><\/a>&#8220;Was wird aus unserer Rente?&#8221; lautete der Titel einer Veranstaltung, zu der die SPD-Bundestagsabgeordnete Birgit K\u00f6mpel (Wahlkreis Fulda\/Vogelsberg) ins Fuldaer ITZ eingeladen hatte. Die Resonanz war prima, gebannt verfolgten die Zuh\u00f6rerinnen und Zuh\u00f6rer den Ausf\u00fchrungen der drei Referenten. Birgit K\u00f6mpel hatte sich schlie\u00dflich noch jede Kompetenz an ihre Seite geholt. Bernd R\u00fctzel, Bundestagsabgeordneter der SPD aus dem unterfr\u00e4nkischen Gem\u00fcnden, ist Mitglied im Ausschuss f\u00fcr Arbeit und Soziales, sein Arbeitsschwerpunkt ist die Rentenpolitik. Und Angelika Kappe ist stellvertretende Landesbezirksleiterin von ver.di Hessen.<br \/>\nRege wurde diskutiert und analysiert. &#8220;Die Rente muss gest\u00e4rkt werden&#8221;, sagte R\u00fctzel, der nicht verga\u00df, auf die Probleme des demographischen Wandels hinzuweisen: &#8220;Gegenw\u00e4rtig kommen auf 100 erwerbsf\u00e4hige Personen 35 im Rentenalter. Im Jahr 2045 werden auf 100 erwerbsf\u00e4hige Personen schon 55 im Rentenalter kommen.&#8221;<br \/>\nBirgit K\u00f6mpel: &#8220;Grunds\u00e4tzlich gilt, dass gute Arbeit und gute L\u00f6hne auch eine gute Rente ergeben sollen.&#8221;<\/p>\n<p><a href=\"http:\/\/www.fuldaer-nachrichten.de\/wp-content\/uploads\/2017\/05\/R\u00fctzel_4.jpg\"><img fetchpriority=\"high\" decoding=\"async\" src=\"http:\/\/www.fuldaer-nachrichten.de\/wp-content\/uploads\/2017\/05\/R\u00fctzel_4-265x204.jpg\" alt=\"\" width=\"265\" height=\"204\" class=\"alignleft size-thumbnail wp-image-163541\" \/><\/a>M\u00f6gliche Stellschrauben k\u00f6nnten unter anderem eben die Erweiterung des Einzahlerkreises (Erwerbst\u00e4tigenversicherung) und die Erh\u00f6hung des Bundeszuschusses sein. Im Jahr 2017 wird der Bund 91,17 Milliarden Euro in die Rentenkasse zahlen. Das ist ein Drittel des kompletten Bundeshaushaltes.<\/p>\n<p>Als gescheitert betrachten die Referenten das Riester-Modell. Angelika Kappe: &#8220;Die gesetzliche Rentenversicherung hat es bislang immer geschafft, die Renten auszuzahlen. Besser w\u00e4re es gewesen, die Rentenversicherung zu st\u00e4rken als das Riester-Modell.&#8221; Und Bernd R\u00fctzel erg\u00e4nzte: &#8220;Nach jetzigem Stand hat die Riesterrente ihre Ziele verfehlt. Vielen fehlt das Geld zum Riestern.&#8221;<\/p>\n<p>Und Angelika Kappe stellte klar, dass es Ziel sein m\u00fcsse, die 450-Euro-Jobs abzuschaffen und diese vielmehr in sozialversicherungspflichtige Jobs umzuwandeln.<br \/>\n&#8220;Wir m\u00fcssen Altersarmut verhindern, lebensstandardsichernde Altersvorsorge sichern und schlie\u00dflich verl\u00e4ssliche und planbare Renten schaffen&#8221;, fasste Birgit K\u00f6mpel die wichtigsten Ziele zusammen.  <\/p>\n<p>Sein Referat hatte R\u00fctzel mit einem gro\u00dfen Lob f\u00fcr seine Kollegin Birgit K\u00f6mpel gestartet. &#8220;Sie ist sehr flei\u00dfig und beharrlich. Wenn sie f\u00fcr etwas steht, dann gibt sie auch nicht auf. Ich konnte beispielsweise anfangs gar nicht verstehen, warum sie so vehement  und gegen alle Widerst\u00e4nde die Erdverkabelung bei der Stromtrasse Suedlink durchsetzen wollte. Aber sie hat es geschafft&#8221;, sagte R\u00fctzel in Richtung K\u00f6mpel. <\/p>\n","protected":false},"excerpt":{"rendered":"<div class=\"tmnf_excerpt\"><p>&#8220;Was wird aus unserer Rente?&#8221; lautete der Titel einer Veranstaltung, zu der die SPD-Bundestagsabgeordnete Birgit K\u00f6mpel (Wahlkreis Fulda\/Vogelsberg) ins Fuldaer ITZ eingeladen hatte. Die Resonanz war prima, gebannt verfolgten die Zuh\u00f6rerinnen und Zuh\u00f6rer den Ausf\u00fchrungen der drei Referenten. Birgit K\u00f6mpel hatte sich schlie\u00dflich noch jede Kompetenz an ihre Seite geholt. Bernd R\u00fctzel, Bundestagsabgeordneter der SPD &hellip;<\/p>\n<\/div>","protected":false},"author":1,"featured_media":163539,"comment_status":"closed","ping_status":"closed","sticky":false,"template":"","format":"standard","meta":{"footnotes":""},"categories":[1],"tags":[],"class_list":["post-163526","post","type-post","status-publish","format-standard","has-post-thumbnail","hentry","category-startseite"],"_links":{"self":[{"href":"https:\/\/www.fuldaernachrichten.de\/index.php?rest_route=\/wp\/v2\/posts\/163526","targetHints":{"allow":["GET"]}}],"collection":[{"href":"https:\/\/www.fuldaernachrichten.de\/index.php?rest_route=\/wp\/v2\/posts"}],"about":[{"href":"https:\/\/www.fuldaernachrichten.de\/index.php?rest_route=\/wp\/v2\/types\/post"}],"author":[{"embeddable":true,"href":"https:\/\/www.fuldaernachrichten.de\/index.php?rest_route=\/wp\/v2\/users\/1"}],"replies":[{"embeddable":true,"href":"https:\/\/www.fuldaernachrichten.de\/index.php?rest_route=%2Fwp%2Fv2%2Fcomments&post=163526"}],"version-history":[{"count":1,"href":"https:\/\/www.fuldaernachrichten.de\/index.php?rest_route=\/wp\/v2\/posts\/163526\/revisions"}],"predecessor-version":[{"id":163549,"href":"https:\/\/www.fuldaernachrichten.de\/index.php?rest_route=\/wp\/v2\/posts\/163526\/revisions\/163549"}],"wp:featuredmedia":[{"embeddable":true,"href":"https:\/\/www.fuldaernachrichten.de\/index.php?rest_route=\/wp\/v2\/media\/163539"}],"wp:attachment":[{"href":"https:\/\/www.fuldaernachrichten.de\/index.php?rest_route=%2Fwp%2Fv2%2Fmedia&parent=163526"}],"wp:term":[{"taxonomy":"category","embeddable":true,"href":"https:\/\/www.fuldaernachrichten.de\/index.php?rest_route=%2Fwp%2Fv2%2Fcategories&post=163526"},{"taxonomy":"post_tag","embeddable":true,"href":"https:\/\/www.fuldaernachrichten.de\/index.php?rest_route=%2Fwp%2Fv2%2Ftags&post=163526"}],"curies":[{"name":"wp","href":"https:\/\/api.w.org\/{rel}","templated":true}]}}