{"id":163497,"date":"2017-05-24T07:28:53","date_gmt":"2017-05-24T05:28:53","guid":{"rendered":"http:\/\/www.fuldaer-nachrichten.de\/?p=163497"},"modified":"2017-05-24T07:28:53","modified_gmt":"2017-05-24T05:28:53","slug":"neugierig-auf-natur-%e2%80%a8naturpark-wandertag-2017-im-naturpark-hessische-rhoen","status":"publish","type":"post","link":"https:\/\/www.fuldaernachrichten.de\/?p=163497","title":{"rendered":"Neugierig auf Natur! \u00e2\u20ac\u00a8\u201eNaturpark-Wandertag 2017\u201c im Naturpark Hessische Rh\u00f6n"},"content":{"rendered":"<p>Neugierde auf Natur zu wecken, ist ein Hauptanliegen der Naturparke. Darum l\u00e4dt der Naturpark Hessische Rh\u00f6n am 28. Mai 2017 zum \u201eNaturpark-Wandertag 2017\u201c ein. Rh\u00f6n-Ranger Georg Sauer erl\u00e4utert im Rahmen einer zwei- bis dreist\u00fcndigen Wanderung die Schutz- und Pflegema\u00dfnahmen im Bereich des Naturschutzgebiets Rotes Moor und angrenzender Berggr\u00fcnlandfl\u00e4chen. Start ist um 14:00 Uhr am Haus am Roten Moor auf dem Parkplatz Rotes Moor an der B 278. Im Mittelpunkt steht das gemeinsame Naturerlebnis. Dabei k\u00f6nnen die Teilnehmer ihre Region auf neue Weise entdecken und \u00dcberraschendes \u00fcber die Zusammenh\u00e4nge in der Natur erfahren. Ihr fachkundiger F\u00fchrer wird Ihnen gerne Fragen beantworten. <\/p>\n<p>Die Veranstaltung im Naturpark Hessische Rh\u00f6n ist Teil des bundesweiten \u201eNaturpark-Wandertages\u201c der deutschen Naturparke, der in diesem Jahr schon zum vierten Mal zeitgleich \u00fcberall in Deutschland stattfindet. Vom Naturpark Schlei im Norden bis zum Naturpark Nagelfluhkette im S\u00fcden und vom Naturpark Schwalm-Nette im Westen bis zum Naturpark Niederlausitzer Landr\u00fccken im Osten finden an diesem Maiwochenende ganz besondere Veranstaltungen statt. Hier kann man die sch\u00f6nsten Landschaften Deutschlands in ihrer ganzen Vielfalt erleben.<\/p>\n<p>Der \u201eNaturpark-Wandertag 2017\u201c findet aus Anlass des \u201eEurop\u00e4ischen Tags der Parke\u201c statt, der in ganz Europa am 24. Mai gefeiert wird. Ziel des \u201eNaturpark-Wandertages\u201c und des \u201eEurop\u00e4ischen Tags der Parke\u201c ist es, Menschen n\u00e4her an die Natur heranzuf\u00fchren. In den angebotenen Veranstaltungen wird der Wert von Schutzgebieten hervorgehoben und den Menschen vermittelt, um damit diese besonderen Gebiete mit ihrer reichen Artenvielfalt zu bewahren. <\/p>\n<p>F\u00fcr R\u00fcckfragen: Georg Sauer 06654-96120<br \/>\nWeitere Informationen: (www.biosphaerenreservat-rhoen.de\/Veranstaltungen,  www.naturpark.de\/wandertag<\/p>\n","protected":false},"excerpt":{"rendered":"<div class=\"tmnf_excerpt\"><p>Neugierde auf Natur zu wecken, ist ein Hauptanliegen der Naturparke. Darum l\u00e4dt der Naturpark Hessische Rh\u00f6n am 28. Mai 2017 zum \u201eNaturpark-Wandertag 2017\u201c ein. Rh\u00f6n-Ranger Georg Sauer erl\u00e4utert im Rahmen einer zwei- bis dreist\u00fcndigen Wanderung die Schutz- und Pflegema\u00dfnahmen im Bereich des Naturschutzgebiets Rotes Moor und angrenzender Berggr\u00fcnlandfl\u00e4chen. Start ist um 14:00 Uhr am Haus &hellip;<\/p>\n<\/div>","protected":false},"author":1,"featured_media":163504,"comment_status":"closed","ping_status":"closed","sticky":false,"template":"","format":"standard","meta":{"footnotes":""},"categories":[1],"tags":[],"class_list":["post-163497","post","type-post","status-publish","format-standard","has-post-thumbnail","hentry","category-startseite"],"_links":{"self":[{"href":"https:\/\/www.fuldaernachrichten.de\/index.php?rest_route=\/wp\/v2\/posts\/163497","targetHints":{"allow":["GET"]}}],"collection":[{"href":"https:\/\/www.fuldaernachrichten.de\/index.php?rest_route=\/wp\/v2\/posts"}],"about":[{"href":"https:\/\/www.fuldaernachrichten.de\/index.php?rest_route=\/wp\/v2\/types\/post"}],"author":[{"embeddable":true,"href":"https:\/\/www.fuldaernachrichten.de\/index.php?rest_route=\/wp\/v2\/users\/1"}],"replies":[{"embeddable":true,"href":"https:\/\/www.fuldaernachrichten.de\/index.php?rest_route=%2Fwp%2Fv2%2Fcomments&post=163497"}],"version-history":[{"count":1,"href":"https:\/\/www.fuldaernachrichten.de\/index.php?rest_route=\/wp\/v2\/posts\/163497\/revisions"}],"predecessor-version":[{"id":163505,"href":"https:\/\/www.fuldaernachrichten.de\/index.php?rest_route=\/wp\/v2\/posts\/163497\/revisions\/163505"}],"wp:featuredmedia":[{"embeddable":true,"href":"https:\/\/www.fuldaernachrichten.de\/index.php?rest_route=\/wp\/v2\/media\/163504"}],"wp:attachment":[{"href":"https:\/\/www.fuldaernachrichten.de\/index.php?rest_route=%2Fwp%2Fv2%2Fmedia&parent=163497"}],"wp:term":[{"taxonomy":"category","embeddable":true,"href":"https:\/\/www.fuldaernachrichten.de\/index.php?rest_route=%2Fwp%2Fv2%2Fcategories&post=163497"},{"taxonomy":"post_tag","embeddable":true,"href":"https:\/\/www.fuldaernachrichten.de\/index.php?rest_route=%2Fwp%2Fv2%2Ftags&post=163497"}],"curies":[{"name":"wp","href":"https:\/\/api.w.org\/{rel}","templated":true}]}}