{"id":163475,"date":"2017-05-24T07:26:59","date_gmt":"2017-05-24T05:26:59","guid":{"rendered":"http:\/\/www.fuldaer-nachrichten.de\/?p=163475"},"modified":"2017-05-24T07:26:59","modified_gmt":"2017-05-24T05:26:59","slug":"zwischen-den-welten-ein-konfirmationslied-kreuzkirche-besucht-sportfreunde-stiller-konzert","status":"publish","type":"post","link":"https:\/\/www.fuldaernachrichten.de\/?p=163475","title":{"rendered":"\u201eZwischen den Welten\u201c \u2013 Ein Konfirmationslied Kreuzkirche besucht \u201eSportfreunde Stiller\u201c &#8211; Konzert"},"content":{"rendered":"<p>Konfirmation und das neue Lied der Sportfreunde Stiller \u201eZwischen den Welten\u201c. Viel haben sie miteinander zu tun, meint Pfarrer Stefan B\u00fcrger von der Evangelischen Kreuzkirche Fulda und geht in seiner Konfirmationspredigt darauf ein. Aber nicht nur das: Konfirmanden, Jugendliche und Ehrenamtliche der Kreuzkirche besuchten zudem drei Tage vor der ersten Konfirmation ein Konzert der Musiker in G\u00f6ttingen.<\/p>\n<p>Schon im Oktober letzten Jahres hat der evangelische Pfarrer aus Fulda-Neuenberg, Stefan B\u00fcrger (48 Jahre), ein Lied der Sportfreunde Stiller f\u00fcr die Taufansprache von Jugendlichen und Erwachsenen genutzt. \u201eDu bist ein Geschenk\u201c, fand er einfach passend f\u00fcr diesen Anlass. Warum nicht auch bei der Konfirmation auf ein Lied zur\u00fcckgreifen, dachte sich der Geistliche. \u201eDies war jetzt meine 19. Konfirmation in Fulda. Jedes Jahr bin ich auf der Suche nach Ideen f\u00fcr diesen besonderen Gottesdienst, der ja gleicherma\u00dfen die Jugendlichen, wie auch Eltern, Paten und Gro\u00dfeltern ansprechen soll. Beim Lied der Sportfreunde finde ich viele Ankn\u00fcpfungspunkte. Es ist f\u00fcr mich das Konfirmationslied 2017\u201c, beschreibt er sein Ansinnen.<\/p>\n<p>Kontakt mit Management der Sportis<br \/>\nBei der Vorbereitung der Konfirmation nahm er Kontakt mit dem Management der Sportis auf. Und die Reaktion kam prompt: Karten wurden f\u00fcr sie hinterlegt, ein Bus gechartert und ein toller Kontakt entstand. Darauf hatte B\u00fcrger zwar gehofft, aber doch nicht wirklich damit gerechnet. Wie im Glauben, meint er, Unm\u00f6gliches wird pl\u00f6tzlich m\u00f6glich. Gemeinsam standen Jugendliche und Erwachsene in den ersten Reihen der Stadthalle G\u00f6ttingen und lauschten den Sportfreunden. \u201eBei vielen bekannten Liedern sangen die Jugendlichen, die Erwachsenen und ich mit\u201c, erz\u00e4hlt der Pfarrer. Als dann das Lied \u201eZwischen den Welten\u201c gespielt wurde, wusste zwar der Pfarrer, aber noch nicht die Konfis, dass dies das Thema ihres Konfirmationsgottesdienstes werden w\u00fcrde.<br \/>\nSchier rot geworden ist der 48-J\u00e4hrige als der Bassist der Sportis bei den Zugaben den Pfarrer mit seinen Konfirmanden erw\u00e4hnte, die extra gekommen seien und denen die Musiker vor den Hunderten von Besuchern ihr n\u00e4chstes Lied widmeten.<\/p>\n<p>\u201eZwischen den Welten\u201c als Konfirmationslied<br \/>\nMehrfach konnte Pfarrer B\u00fcrger in seiner Konfirmationspredigt ein paar Tage sp\u00e4ter f\u00fcr die insgesamt 27 Konfirmandinnen und Konfirmanden an das Lied \u201eZwischen den Welten\u201c ankn\u00fcpfen. Das sei die Situation der Jugendlichen, sie bef\u00e4nden sich zwischen den Welten, zwischen Kind- und Erwachsenensein. Genau das mache auch den Umgang mit den etwa 14-J\u00e4hrigen so spannend, zu Hause, in der Schule und auch im Konfirmandenunterricht. Gef\u00fchlsachterbahnen geh\u00f6rten zu diesem Alter einfach dazu, es wechselnden sich Gef\u00fchle \u201eGl\u00fccklich wie nie\u201c und \u201eTraurig wie selten\u201c, wie es in dem Lied beschrieben ist, min\u00fctlich ab.<br \/>\n\u201eDas Leben spielt eine Partie\u201c, hei\u00dft es in dem Lied weiter und B\u00fcrger erg\u00e4nzt in seiner Predigt: \u201eGott ist mit von der Partie! Gottes Segen l\u00e4sst euch nicht fallen!\u201c Auch wenn die Jugendlichen und viele andere sich oft hin zu Gott oder wieder weg begeben, man sich manchmal frage, wie alles im Leben zusammenh\u00e4nge, so spricht doch der Pfarrer seine \u00dcberzeugung aus: \u201eIch glaube, Gott h\u00e4lt alles zusammen.\u201c Das gemeinsame Abendmahl sei eine St\u00e4rkung f\u00fcr das Leben auf dieser Welt, denn im Himmel sei man ja noch nicht.<br \/>\nZum Schluss dankte B\u00fcrger den Jugendlichen f\u00fcr die Zeit, die er mit ihnen verbringen konnte und er war sichtlich bewegt, weil jetzt auch etwas zu Ende gehe: \u201eIch bin froh, n\u00e4mlich gl\u00fccklich wie nie, dass ihr da wart und wir mit unseren kleinen M\u00f6glichkeiten euch ein St\u00fcck begleiten konnten. Dass ihr aber geht, das macht mich auch traurig, wie selten.\u201c<\/p>\n","protected":false},"excerpt":{"rendered":"<div class=\"tmnf_excerpt\"><p>Konfirmation und das neue Lied der Sportfreunde Stiller \u201eZwischen den Welten\u201c. Viel haben sie miteinander zu tun, meint Pfarrer Stefan B\u00fcrger von der Evangelischen Kreuzkirche Fulda und geht in seiner Konfirmationspredigt darauf ein. Aber nicht nur das: Konfirmanden, Jugendliche und Ehrenamtliche der Kreuzkirche besuchten zudem drei Tage vor der ersten Konfirmation ein Konzert der Musiker &hellip;<\/p>\n<\/div>","protected":false},"author":1,"featured_media":163495,"comment_status":"closed","ping_status":"closed","sticky":false,"template":"","format":"gallery","meta":{"footnotes":""},"categories":[1],"tags":[],"class_list":["post-163475","post","type-post","status-publish","format-gallery","has-post-thumbnail","hentry","category-startseite","post_format-post-format-gallery"],"_links":{"self":[{"href":"https:\/\/www.fuldaernachrichten.de\/index.php?rest_route=\/wp\/v2\/posts\/163475","targetHints":{"allow":["GET"]}}],"collection":[{"href":"https:\/\/www.fuldaernachrichten.de\/index.php?rest_route=\/wp\/v2\/posts"}],"about":[{"href":"https:\/\/www.fuldaernachrichten.de\/index.php?rest_route=\/wp\/v2\/types\/post"}],"author":[{"embeddable":true,"href":"https:\/\/www.fuldaernachrichten.de\/index.php?rest_route=\/wp\/v2\/users\/1"}],"replies":[{"embeddable":true,"href":"https:\/\/www.fuldaernachrichten.de\/index.php?rest_route=%2Fwp%2Fv2%2Fcomments&post=163475"}],"version-history":[{"count":1,"href":"https:\/\/www.fuldaernachrichten.de\/index.php?rest_route=\/wp\/v2\/posts\/163475\/revisions"}],"predecessor-version":[{"id":163496,"href":"https:\/\/www.fuldaernachrichten.de\/index.php?rest_route=\/wp\/v2\/posts\/163475\/revisions\/163496"}],"wp:featuredmedia":[{"embeddable":true,"href":"https:\/\/www.fuldaernachrichten.de\/index.php?rest_route=\/wp\/v2\/media\/163495"}],"wp:attachment":[{"href":"https:\/\/www.fuldaernachrichten.de\/index.php?rest_route=%2Fwp%2Fv2%2Fmedia&parent=163475"}],"wp:term":[{"taxonomy":"category","embeddable":true,"href":"https:\/\/www.fuldaernachrichten.de\/index.php?rest_route=%2Fwp%2Fv2%2Fcategories&post=163475"},{"taxonomy":"post_tag","embeddable":true,"href":"https:\/\/www.fuldaernachrichten.de\/index.php?rest_route=%2Fwp%2Fv2%2Ftags&post=163475"}],"curies":[{"name":"wp","href":"https:\/\/api.w.org\/{rel}","templated":true}]}}