{"id":163450,"date":"2017-05-24T07:18:02","date_gmt":"2017-05-24T05:18:02","guid":{"rendered":"http:\/\/www.fuldaer-nachrichten.de\/?p=163450"},"modified":"2017-05-24T07:18:02","modified_gmt":"2017-05-24T05:18:02","slug":"vorstandswechsel-in-der-muetze","status":"publish","type":"post","link":"https:\/\/www.fuldaernachrichten.de\/?p=163450","title":{"rendered":"Vorstandswechsel in der \u201eM\u00dcTZE&#8221;"},"content":{"rendered":"<p>Der Vorstand des M\u00fctterzentrums konnte auf ein positives Jahr zur\u00fcckblicken. Eine Vielzahl an Offenen Treffs, Eltern-Kind-Gruppen, Vortr\u00e4gen und Workshops in Bereich Erziehung und Gesundheit, Kreativkursen, Weiterbildungs- und PC Kursen, Kinderkursen sowie Kinderbetreuungsgruppen wurden von Kindern, Erwachsenen und Senioren gut besucht. Besondere Veranstaltungen bzw. Aktionen wie ein Bundesverbandstreffen Fachtag der M\u00fctterzentren im April, die Teilnahme am Hessischen V\u00e4tertag, ein Helferfest f\u00fcr alle Aktiven  fanden 2016 statt. Die Mitgliederzahl des Vereins ist mit 170 Mitgliedsfamilien im Vergleich zum Vorjahr konstant geblieben.<\/p>\n<p>Das M\u00fctterzentrum engagierte sich auch 2016 in diversen Gremien der Stadt Fulda und des Landkreises und steht in guter Kooperation mit anderen Organisationen und \u00c4mtern, die sich im Bereich Familie engagieren. Auch im Jahr 2017 wird der Verein wieder an verschiedenen \u00f6ffentlichen Veranstaltungen aktiv teilnehmen und ist auch weiterhin auf Sponsorensuche f\u00fcr neue Projekte der \u201eM\u00dcTZE\u201c, da ein erweitertes qualifiziertes Angebot auch Mehrkosten verursacht.<\/p>\n<p>Der Jahresbericht fasst alle Aktivit\u00e4ten von 2016 des M\u00fctterzentrums zusammen, und kann auf der Website des Vereins unter www.muetze-fulda.de nachgelesen werden. <\/p>\n<p>Zwei Vereinsmitglieder wurden im Rahmen der Mitgliederversammlung f\u00fcr ihre 20-j\u00e4hrige Mitgliedschaft im Verein und drei Mitglieder f\u00fcr die 15-j\u00e4hrige Vereinsmitgliedschaft mit einer Urkunde besonders geehrt.<\/p>\n<p>Nach Vorlage des Kassenberichtes und Entlastung des Vorstands sowie der Vorstellung des Haushaltsplanes f\u00fcr 2017 wurde der komplette Vorstand neu gew\u00e4hlt.<br \/>\nDer Vorstand setzt sich nun wie folgt zusammen:<\/p>\n<p>Vorstand:<br \/>\n1. Vorsitzende: Mareike Prinzhorn<br \/>\n2. Vorsitzende: Anika Klinzing<br \/>\nKassenwartin: Marina Spruck<\/p>\n","protected":false},"excerpt":{"rendered":"<div class=\"tmnf_excerpt\"><p>Der Vorstand des M\u00fctterzentrums konnte auf ein positives Jahr zur\u00fcckblicken. Eine Vielzahl an Offenen Treffs, Eltern-Kind-Gruppen, Vortr\u00e4gen und Workshops in Bereich Erziehung und Gesundheit, Kreativkursen, Weiterbildungs- und PC Kursen, Kinderkursen sowie Kinderbetreuungsgruppen wurden von Kindern, Erwachsenen und Senioren gut besucht. Besondere Veranstaltungen bzw. Aktionen wie ein Bundesverbandstreffen Fachtag der M\u00fctterzentren im April, die Teilnahme am &hellip;<\/p>\n<\/div>","protected":false},"author":1,"featured_media":163455,"comment_status":"closed","ping_status":"closed","sticky":false,"template":"","format":"standard","meta":{"footnotes":""},"categories":[1],"tags":[],"class_list":["post-163450","post","type-post","status-publish","format-standard","has-post-thumbnail","hentry","category-startseite"],"_links":{"self":[{"href":"https:\/\/www.fuldaernachrichten.de\/index.php?rest_route=\/wp\/v2\/posts\/163450","targetHints":{"allow":["GET"]}}],"collection":[{"href":"https:\/\/www.fuldaernachrichten.de\/index.php?rest_route=\/wp\/v2\/posts"}],"about":[{"href":"https:\/\/www.fuldaernachrichten.de\/index.php?rest_route=\/wp\/v2\/types\/post"}],"author":[{"embeddable":true,"href":"https:\/\/www.fuldaernachrichten.de\/index.php?rest_route=\/wp\/v2\/users\/1"}],"replies":[{"embeddable":true,"href":"https:\/\/www.fuldaernachrichten.de\/index.php?rest_route=%2Fwp%2Fv2%2Fcomments&post=163450"}],"version-history":[{"count":1,"href":"https:\/\/www.fuldaernachrichten.de\/index.php?rest_route=\/wp\/v2\/posts\/163450\/revisions"}],"predecessor-version":[{"id":163457,"href":"https:\/\/www.fuldaernachrichten.de\/index.php?rest_route=\/wp\/v2\/posts\/163450\/revisions\/163457"}],"wp:featuredmedia":[{"embeddable":true,"href":"https:\/\/www.fuldaernachrichten.de\/index.php?rest_route=\/wp\/v2\/media\/163455"}],"wp:attachment":[{"href":"https:\/\/www.fuldaernachrichten.de\/index.php?rest_route=%2Fwp%2Fv2%2Fmedia&parent=163450"}],"wp:term":[{"taxonomy":"category","embeddable":true,"href":"https:\/\/www.fuldaernachrichten.de\/index.php?rest_route=%2Fwp%2Fv2%2Fcategories&post=163450"},{"taxonomy":"post_tag","embeddable":true,"href":"https:\/\/www.fuldaernachrichten.de\/index.php?rest_route=%2Fwp%2Fv2%2Ftags&post=163450"}],"curies":[{"name":"wp","href":"https:\/\/api.w.org\/{rel}","templated":true}]}}