{"id":163445,"date":"2017-05-24T07:17:02","date_gmt":"2017-05-24T05:17:02","guid":{"rendered":"http:\/\/www.fuldaer-nachrichten.de\/?p=163445"},"modified":"2017-05-24T07:17:02","modified_gmt":"2017-05-24T05:17:02","slug":"birgit-koempel-besucht-gesamtschule-schlitz","status":"publish","type":"post","link":"https:\/\/www.fuldaernachrichten.de\/?p=163445","title":{"rendered":"Birgit K\u00f6mpel besucht Gesamtschule Schlitz"},"content":{"rendered":"<p><a href=\"http:\/\/www.fuldaer-nachrichten.de\/wp-content\/uploads\/2017\/05\/Schlitz_IGS_3.jpg\"><img decoding=\"async\" src=\"http:\/\/www.fuldaer-nachrichten.de\/wp-content\/uploads\/2017\/05\/Schlitz_IGS_3-265x115.jpg\" alt=\"\" width=\"265\" height=\"115\" class=\"alignleft size-thumbnail wp-image-163451\" srcset=\"https:\/\/www.fuldaernachrichten.de\/wp-content\/uploads\/2017\/05\/Schlitz_IGS_3-265x115.jpg 265w, https:\/\/www.fuldaernachrichten.de\/wp-content\/uploads\/2017\/05\/Schlitz_IGS_3-768x332.jpg 768w, https:\/\/www.fuldaernachrichten.de\/wp-content\/uploads\/2017\/05\/Schlitz_IGS_3-600x259.jpg 600w, https:\/\/www.fuldaernachrichten.de\/wp-content\/uploads\/2017\/05\/Schlitz_IGS_3.jpg 900w\" sizes=\"(max-width: 265px) 100vw, 265px\" \/><\/a>Beeindruckt war die SPD-Bundestagsabgeordnete Birgit K\u00f6mpel (Wahlkreis Fulda\/Vogelsberg) nach ihrem Besuch in der Gesamtschule Schlitzerland anl\u00e4sslich des EU-Projekttages gleich in zweierlei Hinsicht. Einerseits traf sie auf 40 h\u00f6chst interessierte Sch\u00fclerinnen und Sch\u00fcler, die sich bereits im Vorfeld mit dem Thema Europa auseinandergesetzt hatten und nun die Politikerin mit guten Fragen l\u00f6cherten. Au\u00dferdem war K\u00f6mpel sehr angetan vom Projekt integrierte Gesamtschule (IGS). Eine solche Institution gibt es im gesamten Landkreis Fulda nicht. Auch deshalb kommen viele junge Menschen aus dem Kreis Fulda nach Schlitz, um dort zur Schule zu gehen.<\/p>\n<p>&#8220;Wir geben den Kindern Zeit. Keines muss Angst haben seine Freunde zu verlieren, nur weil es in einem Fach schw\u00e4chelt&#8221;, sagt Schulleiterin Ingeborg Krause, die gemeinsam mit ihrem Stellvertreter Markus Wahl und Stufenleiter Markus Blo\u00df die Abgeordnete empfangen hatte. &#8220;Die Klassengemeinschaft ist sehr gut. Sch\u00fclerinnen und Sch\u00fcler helfen sich gegenseitig&#8221;, berichtet Markus Wahl, der wie seine Kollegen gro\u00dfen Wert auf P\u00e4dagogik legt. Die Kinder bleiben von den Klassen f\u00fcnf bis acht zusammen, in er Klasse neun werden die Hauptsch\u00fcler aus dem Klassenverband rausgezogen, um sie auf den Hauptschulabschluss vorzubereiten. Real- und Gymnasiumsch\u00fcler gehen weiterhin in eine Klasse. Birgit K\u00f6mpel freute sich dar\u00fcber, &#8220;dass kein Kind zur\u00fcckgelassen wird&#8221;.<\/p>\n<p><a href=\"http:\/\/www.fuldaer-nachrichten.de\/wp-content\/uploads\/2017\/05\/Schlitz_IGS_1.jpg\"><img fetchpriority=\"high\" decoding=\"async\" src=\"http:\/\/www.fuldaer-nachrichten.de\/wp-content\/uploads\/2017\/05\/Schlitz_IGS_1-265x189.jpg\" alt=\"\" width=\"265\" height=\"189\" class=\"alignleft size-thumbnail wp-image-163452\" srcset=\"https:\/\/www.fuldaernachrichten.de\/wp-content\/uploads\/2017\/05\/Schlitz_IGS_1-265x189.jpg 265w, https:\/\/www.fuldaernachrichten.de\/wp-content\/uploads\/2017\/05\/Schlitz_IGS_1-768x547.jpg 768w, https:\/\/www.fuldaernachrichten.de\/wp-content\/uploads\/2017\/05\/Schlitz_IGS_1-600x427.jpg 600w, https:\/\/www.fuldaernachrichten.de\/wp-content\/uploads\/2017\/05\/Schlitz_IGS_1.jpg 900w\" sizes=\"(max-width: 265px) 100vw, 265px\" \/><\/a>Die Schulleitung berichtete stolz \u00fcber die &#8220;gro\u00dfe Sozialkompetenz&#8221; ihrer Sch\u00fctzlinge und das &#8220;harmonische Arbeiten&#8221; mit den Eltern. &#8220;Wir sind von unserem Konzept \u00fcberzeugt&#8221;, sagt Markus Wahl, &#8220;das komplette Kollegium steht dahinter. Es macht gro\u00dfen Spa\u00df hier zu arbeiten.&#8221; K\u00f6mpel w\u00fcnscht sich, dass schon bald eine integrierte Gesamtschule im Kreis Fulda entsteht, auch wenn sich die CDU weiterhin gegen dieses Modell sperrt.<\/p>\n<p>Beim Besuch in der Klasse war Europa das beherrschende Gespr\u00e4chsthema. Ein Teil der Sch\u00fclerinnen und Sch\u00fcler (Klassen neun und zehn) war bereits in England, ein Teil bereitet sich auf eine Reise nach Ungarn vor, ein anderer Teil f\u00e4hrt nach Frankreich. &#8220;Es gibt keine andere Region auf der Welt, in der es \u00fcber 70 Jahre lang friedlicher zuging als in Europa. Das ist Verdienst der Europ\u00e4ischen Union&#8221;, sagte Birgit K\u00f6mpel. Sie widersprach auch der These, dass Deutschland der finanzielle Lastesel Europas sei. &#8220;Das Gegenteil ist der Fall. Kein anderes Land profitiert von der EU so sehr wie wir. 60 Prozent unserer Exporte gegen in unsere europ\u00e4ischen Nachbarl\u00e4nder.&#8221; Auf die Frage einer Sch\u00fclerin, ob es denn auch Probleme innerhalb der EU gebe, antwortete K\u00f6mpel: &#8220;Ja, die gibt es selbstverst\u00e4ndlich. Den B\u00fcrokratismus oder auch die fehlende Solidarit\u00e4t. Der Umgang der L\u00e4nder untereinander k\u00f6nnte noch besser sein. Wir m\u00fcssten mehr gemeinsam machen. Nur wenn Europa stark ist, dann sind auch wir stark.&#8221;<\/p>\n<p>Nach Brexit und der Trump-Wahl habe sie festgestellt, dass das Interesse an Politik bei jungen Leuten deutlich gestiegen sei. &#8220;Die SPD hat innerhalb k\u00fcrzester Zeit 17.000 neue Mitglieder gewonnen, die gro\u00dfe Mehrheit davon ist unter 35 Jahre alt.&#8221; Auch andere Parteien h\u00e4tten guten Zulauf an jungen Menschen. Der Besuch bei den Neunt- und Zehntkl\u00e4sslern habe unterstrichen, dass das Politikinteresse bei jungen Menschen gewachsen sei. &#8220;Macht weiter so, es hat Spa\u00df gemacht, mit euch zu diskutieren&#8221;, sagte K\u00f6mpel den jungen Leuten nach der Doppelstunde Unterricht, die wie im Fluge verging. <\/p>\n","protected":false},"excerpt":{"rendered":"<div class=\"tmnf_excerpt\"><p>Beeindruckt war die SPD-Bundestagsabgeordnete Birgit K\u00f6mpel (Wahlkreis Fulda\/Vogelsberg) nach ihrem Besuch in der Gesamtschule Schlitzerland anl\u00e4sslich des EU-Projekttages gleich in zweierlei Hinsicht. Einerseits traf sie auf 40 h\u00f6chst interessierte Sch\u00fclerinnen und Sch\u00fcler, die sich bereits im Vorfeld mit dem Thema Europa auseinandergesetzt hatten und nun die Politikerin mit guten Fragen l\u00f6cherten. Au\u00dferdem war K\u00f6mpel sehr &hellip;<\/p>\n<\/div>","protected":false},"author":1,"featured_media":163453,"comment_status":"closed","ping_status":"closed","sticky":false,"template":"","format":"standard","meta":{"footnotes":""},"categories":[1],"tags":[],"class_list":["post-163445","post","type-post","status-publish","format-standard","has-post-thumbnail","hentry","category-startseite"],"_links":{"self":[{"href":"https:\/\/www.fuldaernachrichten.de\/index.php?rest_route=\/wp\/v2\/posts\/163445","targetHints":{"allow":["GET"]}}],"collection":[{"href":"https:\/\/www.fuldaernachrichten.de\/index.php?rest_route=\/wp\/v2\/posts"}],"about":[{"href":"https:\/\/www.fuldaernachrichten.de\/index.php?rest_route=\/wp\/v2\/types\/post"}],"author":[{"embeddable":true,"href":"https:\/\/www.fuldaernachrichten.de\/index.php?rest_route=\/wp\/v2\/users\/1"}],"replies":[{"embeddable":true,"href":"https:\/\/www.fuldaernachrichten.de\/index.php?rest_route=%2Fwp%2Fv2%2Fcomments&post=163445"}],"version-history":[{"count":1,"href":"https:\/\/www.fuldaernachrichten.de\/index.php?rest_route=\/wp\/v2\/posts\/163445\/revisions"}],"predecessor-version":[{"id":163454,"href":"https:\/\/www.fuldaernachrichten.de\/index.php?rest_route=\/wp\/v2\/posts\/163445\/revisions\/163454"}],"wp:featuredmedia":[{"embeddable":true,"href":"https:\/\/www.fuldaernachrichten.de\/index.php?rest_route=\/wp\/v2\/media\/163453"}],"wp:attachment":[{"href":"https:\/\/www.fuldaernachrichten.de\/index.php?rest_route=%2Fwp%2Fv2%2Fmedia&parent=163445"}],"wp:term":[{"taxonomy":"category","embeddable":true,"href":"https:\/\/www.fuldaernachrichten.de\/index.php?rest_route=%2Fwp%2Fv2%2Fcategories&post=163445"},{"taxonomy":"post_tag","embeddable":true,"href":"https:\/\/www.fuldaernachrichten.de\/index.php?rest_route=%2Fwp%2Fv2%2Ftags&post=163445"}],"curies":[{"name":"wp","href":"https:\/\/api.w.org\/{rel}","templated":true}]}}