{"id":163430,"date":"2017-05-24T07:12:27","date_gmt":"2017-05-24T05:12:27","guid":{"rendered":"http:\/\/www.fuldaer-nachrichten.de\/?p=163430"},"modified":"2017-05-24T07:12:27","modified_gmt":"2017-05-24T05:12:27","slug":"gabriele-moehlke-mit-elisabeth-selbert-preis-ausgezeichnet","status":"publish","type":"post","link":"https:\/\/www.fuldaernachrichten.de\/?p=163430","title":{"rendered":"Gabriele M\u00f6hlke mit Elisabeth-Selbert-Preis ausgezeichnet"},"content":{"rendered":"<p>Gabriele M\u00f6hlke aus Kronberg im Taunus erhielt heute im Rahmen einer Feierstunde in Kassel den mit 10.000 Euro dotierten Elisabeth-Selbert-Preis des Landes Hessen f\u00fcr ihr langj\u00e4hriges herausragendes Engagement in der Wirtschaftsf\u00f6rderung von M\u00e4dchen und Frauen. Anl\u00e4sslich der Verleihung des Preises sagte der Hessische Minister f\u00fcr Soziales und Integration, Stefan Gr\u00fcttner: \u201eGabriele M\u00f6hlke entwickelt seit mehr als 30 Jahren sowohl in ihrem beruflichen Kontext als auch ehrenamtlich innovative und nachhaltige Projekte und Ma\u00dfnahmen f\u00fcr die Integration von M\u00e4dchen und Frauen in die Berufswelt und erm\u00f6glicht ihnen damit eine eigenst\u00e4ndige Existenzsicherung und Lebensplanung.\u201c<\/p>\n<p>Die von Frau M\u00f6hlke geschaffenen Projekte sind praxisbezogen und umsetzbar. \u201eSie haben Vorbildcharakter\u201c, lobte Minister Gr\u00fcttner. Als Beispiel hob er den von Frau M\u00f6hlke 2012 gegr\u00fcndete Verein Social Business Women e.V. (SBW) hervor,  f\u00fcr den sie gemeinsam mit dem Wirtschaftswissenschaftler und Friedensnobelpreistr\u00e4ge Professor Mohammed Yunus einen Social Business-Fonds zur Vergabe von Mikrokrediten an Existenzgr\u00fcnderinnen entwickelt hat.<\/p>\n<p>Frau M\u00f6hlke, so der Minister weiter, habe sich lebenslang f\u00fcr Gleichberechtigung und Geschlechtergerechtigkeit engagiert habe. Wichtig ist Frau M\u00f6hlke, dass M\u00e4nner und Frauen die Freiheit haben,  ihren Lebens- und Berufsweges jenseits geschlechtlicher Normen und gesellschaftlicher Zw\u00e4nge zu w\u00e4hlen. Entscheidend ist der uneingeschr\u00e4nkte und ausgeglichene Zugang f\u00fcr Frauen und M\u00e4nner zu allen Ressourcen, zur Teilhabe am \u00f6ffentlichen Leben und insbesondere am Erwerbsleben.<\/p>\n<p>Hintergrundinformationen zum Elisabeth-Selbert-Preis:<\/p>\n<p>Der Elisabeth-Selbert-Preis wird seit 1983 von der Hessischen Landesregierung verliehen. Der Preis tr\u00e4gt den Namen der hessischen Juristin und Politikerin Dr. Elisabeth Selbert aus Kassel. Die Aufnahme der Gleichberechtigung in die bundesdeutsche Verfassung war zum gro\u00dfen Teil ihr Verdienst. Elisabeth Selbert setzte 1949 bei den Verhandlungen im Parlamentarischen Rat \u00fcber das Grundgesetz den Gleichberechtigungsgrundsatz \u201eM\u00e4nner und Frauen sind gleichberechtigt\u201c durch und wird als eine der \u201eM\u00fctter des Grundgesetzes\u201c bezeichnet. Mit dem Elisabeth-Selbert-Preis werden Frauen und M\u00e4nner ausgezeichnet, die sich in hervorragender Weise mit gestalterischer Kraft f\u00fcr die Verwirklichung der Chancengleichheit von M\u00e4nnern und Frauen in der Gesellschaft eingesetzt haben. Der Preis wird bundesweit ausgeschrieben und ist mit 10.000 Euro dotiert. Er wird in einem Zwei-Jahres-Rhythmus verliehen.<\/p>\n","protected":false},"excerpt":{"rendered":"<div class=\"tmnf_excerpt\"><p>Gabriele M\u00f6hlke aus Kronberg im Taunus erhielt heute im Rahmen einer Feierstunde in Kassel den mit 10.000 Euro dotierten Elisabeth-Selbert-Preis des Landes Hessen f\u00fcr ihr langj\u00e4hriges herausragendes Engagement in der Wirtschaftsf\u00f6rderung von M\u00e4dchen und Frauen. Anl\u00e4sslich der Verleihung des Preises sagte der Hessische Minister f\u00fcr Soziales und Integration, Stefan Gr\u00fcttner: \u201eGabriele M\u00f6hlke entwickelt seit mehr &hellip;<\/p>\n<\/div>","protected":false},"author":1,"featured_media":0,"comment_status":"closed","ping_status":"closed","sticky":false,"template":"","format":"standard","meta":{"footnotes":""},"categories":[1],"tags":[],"class_list":["post-163430","post","type-post","status-publish","format-standard","hentry","category-startseite"],"_links":{"self":[{"href":"https:\/\/www.fuldaernachrichten.de\/index.php?rest_route=\/wp\/v2\/posts\/163430","targetHints":{"allow":["GET"]}}],"collection":[{"href":"https:\/\/www.fuldaernachrichten.de\/index.php?rest_route=\/wp\/v2\/posts"}],"about":[{"href":"https:\/\/www.fuldaernachrichten.de\/index.php?rest_route=\/wp\/v2\/types\/post"}],"author":[{"embeddable":true,"href":"https:\/\/www.fuldaernachrichten.de\/index.php?rest_route=\/wp\/v2\/users\/1"}],"replies":[{"embeddable":true,"href":"https:\/\/www.fuldaernachrichten.de\/index.php?rest_route=%2Fwp%2Fv2%2Fcomments&post=163430"}],"version-history":[{"count":1,"href":"https:\/\/www.fuldaernachrichten.de\/index.php?rest_route=\/wp\/v2\/posts\/163430\/revisions"}],"predecessor-version":[{"id":163441,"href":"https:\/\/www.fuldaernachrichten.de\/index.php?rest_route=\/wp\/v2\/posts\/163430\/revisions\/163441"}],"wp:attachment":[{"href":"https:\/\/www.fuldaernachrichten.de\/index.php?rest_route=%2Fwp%2Fv2%2Fmedia&parent=163430"}],"wp:term":[{"taxonomy":"category","embeddable":true,"href":"https:\/\/www.fuldaernachrichten.de\/index.php?rest_route=%2Fwp%2Fv2%2Fcategories&post=163430"},{"taxonomy":"post_tag","embeddable":true,"href":"https:\/\/www.fuldaernachrichten.de\/index.php?rest_route=%2Fwp%2Fv2%2Ftags&post=163430"}],"curies":[{"name":"wp","href":"https:\/\/api.w.org\/{rel}","templated":true}]}}