{"id":163429,"date":"2017-05-24T07:12:03","date_gmt":"2017-05-24T05:12:03","guid":{"rendered":"http:\/\/www.fuldaer-nachrichten.de\/?p=163429"},"modified":"2017-05-24T07:12:03","modified_gmt":"2017-05-24T05:12:03","slug":"waldwirtschaft-und-naturschutz","status":"publish","type":"post","link":"https:\/\/www.fuldaernachrichten.de\/?p=163429","title":{"rendered":"Waldwirtschaft und Naturschutz"},"content":{"rendered":"<p>In einem Vortrag am 30. Mai um 19 Uhr beschreibt Oliver Conz als Vorsitzender der Hessischen Gesellschaft f\u00fcr Ornithologie und Naturschutz den Blick des Naturschutzes auf den Wald und die Erwartungen an Naturschutz im Wald. Anschlie\u00dfen zeigt Dr. J\u00fcrgen Willig seitens HessenForst auf, wie im Forstbetrieb im Rahmen der Bewirtschaftung t\u00e4glich Naturschutz betrieben wird. Zu diesen Vortr\u00e4gen kann eine lebhafte Diskussion erfolgen.<\/p>\n<p>Die Waldwochen und Vortr\u00e4ge im Umweltzentrum Fulda werden durch eine Ausstellung der \u201eRh\u00f6nholzveredler\u201c begleitet. Diese Rh\u00f6ner Unternehmen rund ums Holz stellen qualitative, langlebige und nachhaltige Holzprodukte vor. Erg\u00e4nzt wird die Ausstellung durch weitere Informationen zur Waldnutzung um zum Naturschutz.<\/p>\n<p>Vom 29. Mai bis zum 16. Juni finden im Umweltzentrum Fulda \u201eWaldwochen\u201c statt, die sich der Frage widmen, ob Naturschutz und Forstwirtschaft unvereinbare Gegens\u00e4tze oder eine gemeinsame Erfolgsgeschichte darstellen.<\/p>\n<p>W\u00e4lder liefern nicht nur den wertvollen Rohstoff Holz, sondern sind auch Lebensraum f\u00fcr unz\u00e4hlige Tier-, Pilz und Pflanzenarten. Dabei werden aktuell viele Fragen aufgeworfen:<\/p>\n<p>\u00e2\u20ac\u00a2 Verf\u00fcgen wir \u00fcber ausreichend alte W\u00e4lder?<\/p>\n<p>\u00e2\u20ac\u00a2 Stehen die Nutzungsans\u00e4tze im Einklang mit Anspr\u00fcchen der an W\u00e4lder gebundenen Lebensgemeinschaften?<\/p>\n<p>\u00e2\u20ac\u00a2 Wird heute mehr oder gar zu viel Holz geerntet, oder entsteht aufgrund ver\u00e4nderter Bewirtschaftungsweisen lediglich der Eindruck?<\/p>\n<p>\u00e2\u20ac\u00a2 In welchem Umfang d\u00fcrfen im Kontext des Klimawandels nicht heimische Baumarten an der Verj\u00fcngung der Waldbest\u00e4nde beteiligt werden?<\/p>\n<p>Am 7. Juni stellt Wolf-Georg Fehrensen, der Betreiber eines gro\u00dfen S\u00e4gewerkes ist, um 19 Uhr die Rolle der Holzwirtschaft im Spannungsfeld zwischen Weltmarkt und Naturschutz dar. Anschlie\u00dfend beschreibt der Leiter des Forstamtes Hofbieber Florian Wilshusen die Rolle der Forstwirtschaft in Bezug auf wirtschaftliche Waldnutzung und integriertem Naturschutz.<\/p>\n<p>Abgerundet werden die Waldwochen durch eine Exkursion im Revierteil Altenfeld der Revierf\u00f6rsterei Poppenhausen.<\/p>\n<p>Im Rahmen einer etwa zweist\u00fcndigen Exkursion stellt Revierf\u00f6rster Joachim Schleicher Waldbest\u00e4nde vor und steht Rede und Antwort. Treffpunkt ist die Ortsmitte Altenfeld-Gersfeld (Bushaltestelle gegen\u00fcber der Gastst\u00e4tte Forellenhof)<\/p>\n","protected":false},"excerpt":{"rendered":"<div class=\"tmnf_excerpt\"><p>In einem Vortrag am 30. Mai um 19 Uhr beschreibt Oliver Conz als Vorsitzender der Hessischen Gesellschaft f\u00fcr Ornithologie und Naturschutz den Blick des Naturschutzes auf den Wald und die Erwartungen an Naturschutz im Wald. Anschlie\u00dfen zeigt Dr. J\u00fcrgen Willig seitens HessenForst auf, wie im Forstbetrieb im Rahmen der Bewirtschaftung t\u00e4glich Naturschutz betrieben wird. Zu &hellip;<\/p>\n<\/div>","protected":false},"author":1,"featured_media":0,"comment_status":"closed","ping_status":"closed","sticky":false,"template":"","format":"standard","meta":{"footnotes":""},"categories":[1],"tags":[],"class_list":["post-163429","post","type-post","status-publish","format-standard","hentry","category-startseite"],"_links":{"self":[{"href":"https:\/\/www.fuldaernachrichten.de\/index.php?rest_route=\/wp\/v2\/posts\/163429","targetHints":{"allow":["GET"]}}],"collection":[{"href":"https:\/\/www.fuldaernachrichten.de\/index.php?rest_route=\/wp\/v2\/posts"}],"about":[{"href":"https:\/\/www.fuldaernachrichten.de\/index.php?rest_route=\/wp\/v2\/types\/post"}],"author":[{"embeddable":true,"href":"https:\/\/www.fuldaernachrichten.de\/index.php?rest_route=\/wp\/v2\/users\/1"}],"replies":[{"embeddable":true,"href":"https:\/\/www.fuldaernachrichten.de\/index.php?rest_route=%2Fwp%2Fv2%2Fcomments&post=163429"}],"version-history":[{"count":1,"href":"https:\/\/www.fuldaernachrichten.de\/index.php?rest_route=\/wp\/v2\/posts\/163429\/revisions"}],"predecessor-version":[{"id":163439,"href":"https:\/\/www.fuldaernachrichten.de\/index.php?rest_route=\/wp\/v2\/posts\/163429\/revisions\/163439"}],"wp:attachment":[{"href":"https:\/\/www.fuldaernachrichten.de\/index.php?rest_route=%2Fwp%2Fv2%2Fmedia&parent=163429"}],"wp:term":[{"taxonomy":"category","embeddable":true,"href":"https:\/\/www.fuldaernachrichten.de\/index.php?rest_route=%2Fwp%2Fv2%2Fcategories&post=163429"},{"taxonomy":"post_tag","embeddable":true,"href":"https:\/\/www.fuldaernachrichten.de\/index.php?rest_route=%2Fwp%2Fv2%2Ftags&post=163429"}],"curies":[{"name":"wp","href":"https:\/\/api.w.org\/{rel}","templated":true}]}}