{"id":163413,"date":"2017-05-23T07:43:46","date_gmt":"2017-05-23T05:43:46","guid":{"rendered":"http:\/\/www.fuldaer-nachrichten.de\/?p=163413"},"modified":"2017-05-23T07:43:46","modified_gmt":"2017-05-23T05:43:46","slug":"lichtergottesdienst-am-theresienheim-in-fulda","status":"publish","type":"post","link":"https:\/\/www.fuldaernachrichten.de\/?p=163413","title":{"rendered":"Lichtergottesdienst am Theresienheim in Fulda"},"content":{"rendered":"<p><a href=\"http:\/\/www.fuldaer-nachrichten.de\/wp-content\/uploads\/2017\/05\/Lichtergottesdienst-Pfarrer-Christoph-Werner-Beginn-an-der-Maiengrotte-am-Altar.jpg\"><img fetchpriority=\"high\" decoding=\"async\" src=\"http:\/\/www.fuldaer-nachrichten.de\/wp-content\/uploads\/2017\/05\/Lichtergottesdienst-Pfarrer-Christoph-Werner-Beginn-an-der-Maiengrotte-am-Altar-265x199.jpg\" alt=\"\" width=\"265\" height=\"199\" class=\"alignleft size-thumbnail wp-image-163422\" srcset=\"https:\/\/www.fuldaernachrichten.de\/wp-content\/uploads\/2017\/05\/Lichtergottesdienst-Pfarrer-Christoph-Werner-Beginn-an-der-Maiengrotte-am-Altar-265x199.jpg 265w, https:\/\/www.fuldaernachrichten.de\/wp-content\/uploads\/2017\/05\/Lichtergottesdienst-Pfarrer-Christoph-Werner-Beginn-an-der-Maiengrotte-am-Altar-768x576.jpg 768w, https:\/\/www.fuldaernachrichten.de\/wp-content\/uploads\/2017\/05\/Lichtergottesdienst-Pfarrer-Christoph-Werner-Beginn-an-der-Maiengrotte-am-Altar-600x450.jpg 600w, https:\/\/www.fuldaernachrichten.de\/wp-content\/uploads\/2017\/05\/Lichtergottesdienst-Pfarrer-Christoph-Werner-Beginn-an-der-Maiengrotte-am-Altar.jpg 900w\" sizes=\"(max-width: 265px) 100vw, 265px\" \/><\/a>Weit \u00fcber 100 Teilnehmer trafen sich bei strahlendem Abendsonnenschein am Fuldaer Theresienheim in der Maberzeller Stra\u00dfe um am diesj\u00e4hrigen Lichtergottesdienst des Kolping-Bezirksverbandes Neuhof an der Mariengrotte im Park teilzunehmen.<br \/>\nUnter dem Thema \u201eVinzenz von Paul\u201c begaben sich die Teilnehmer in einer kleinen Wallfahrt mit 3 Stationen durch den kleinen Park des Theresienheims der Fuldaer Vinzentinerinnen zur Mariengrotte. Dort feierten die Teilnehmer mit Pfarrer Christoph Werner (Kleinl\u00fcder) den Lichtergottesdienst bei einsetzender D\u00e4mmerung im Kerzenschein.<\/p>\n<p>Bezirksvorsitzender Werner Reck begr\u00fc\u00dfte zun\u00e4chst die 140 Teilnehmer am abendlichen Lichtergottesdienst und freute sich \u00fcber die so gro\u00dfe Anzahl, die von Jahr zu Jahr gr\u00f6\u00dfer werde.<\/p>\n<p>Er gab danach einen kurzen Einblick in die Lebensgeschichte des Vinzenz von Paul, dem Gr\u00fcnder des Ordens der Vinzentinerinnen. Die gro\u00dfe Zahl der Gottesdienstteilnehmer sangen zwischen den Stationen dann jeweils eine Strophe des Vinzenz von Paul Liedes \u00fcber ihn (Gotteslob Nr. GL 671). In jeder Strophe fand sich eine Besonderheit seines Lebens wieder.<br \/>\nNach dem Lied: &#8220;Maria, Krone aller Frauen&#8221;, beteten die Teilnehmer f\u00fcr alle Kranken, besonders f\u00fcr die schwerstkranke Schwester von Pfarrer Willi Schmitt. Er wollte eigentlich den Gottesdienst zelebrieren, aber weil er nach einer Beerdigung seine Schwester besuchen wollte, konnte er dies leider nicht tun und Pfarrer Christoph Werner &#8211; als Kolpingbruder &#8211; aus Kleinl\u00fcder sprang ein. Er gab bei seiner Vorstellung kurz bekannt, dass er Pr\u00e4ses der Kolpingsfamilie Herbstein sei und vorher Pr\u00e4ses von Ober- und Nordhessen war und heute als Notfallseelsorger t\u00e4tig sei. Er f\u00fchle sich somit bei Kolping &#8220;zu Hause&#8221;. <\/p>\n<p>Bei zunehmender Dunkelheit kamen die vielen brennenden Teelichter, auf dem Weg vom Neubau des Theresienheims bis zur Grotte und rund um den Altar mehr und mehr zur Geltung.<\/p>\n<p>Pfarrer Werner bezog sich in seiner Predigt auf den Text des Evangeliums: Die Berufung und Aussendung der Priester vollzog sich schon in den fr\u00fchchristlichen Gemeinden. Die Aufgabe des \u201esich K\u00fcmmern um die Witwen und Waisen\u201c, hat der christliche Glaube \u00fcbernommen. Was lernen wir daraus: Das der soziale und caritative Moment f\u00fcr eine Gemeinschaft unerl\u00e4sslich ist.\u201c Es kam dann zu Spannungen in der Kirche, wegen der mangelnden Versorgung dieser Volksgruppen. In einer Gemeinschaft ist das Gef\u00fchl vorhanden: &#8220;Wir geh\u00f6ren dazu&#8221;. <\/p>\n<p>An das Wort Gottes m\u00fcsse man sich immer neu binden, damit man glaubhaft bleibt. Die Gemeinschaft mit Jesus Christus beruht auf dessen Aussage: &#8220;Keiner kommt zum Vater au\u00dfer durch mich&#8221;. Der Abschlusssatz lautete: &#8220;Lasst Euer Herz nicht verwirren!&#8221; <\/p>\n<p>Musikalisch begleitet wurden die kurze Wallfahrt bis zur Grotte und der anschlie\u00dfende Gottesdienst, von der Wallfahrtskapelle des Bezirksverbandes. Die Kolpingfamilien aus Neuhof, Giesel, Niederkalbach, Flieden sowie Schl\u00fcchtern aus dem Bezirk sowie Gl\u00e4serzell, Edelzell und Burghaun gaben mit ihren 8 Kolpingbannern den festlichen Rahmen.<\/p>\n<p>Am Ende des Lichtergottesdienstes vor dem Schlusssegen und dem Auftrag \u201eGehet hin in Frieden\u201c, standen Dankesworte: Reck bedankte bei den Schwestern des Theresienheims f\u00fcr die Bereitstellung ihrer Grotte, allen voran Oberin Schwester Pia, die sich z. Zt. von einem Krankenhausaufenthalt erhole. Er sandte ihr auf diesem Wege allerbeste Genesungsw\u00fcnsche von den Teilnehmern. Ebenso galt der Dank allen, die zu dieser Veranstaltung gekommen waren, sowie der Wallfahrtskapelle und allen die dazu beigetragen haben, dass die Feier in diesem Rahmen stattfinden konnte.<\/p>\n<p>Mit einem ausdr\u00fccklichen Dank an Herrn Pfarrer Werner \u00fcberreichte Reck ein von Firmlingen gebasteltes Holzkreuz mit einem gr\u00fcnen Stein; das Symbol der Hoffnung. Es entstand am Tag des Kolping Events in Fulda &#8220;Aktion Brasilien&#8221; wird die Aktion &#8220;Eine Welt&#8221;. Als weiteres Geschenk \u00fcbergab er ihm Reck die &#8220;drei W&#8221;, dessen Bedeutung er zuvor erkl\u00e4rte: Worscht (Wurst), Weck und &#8220;Wiee&#8221; (Wein).<\/p>\n<p>Pfarrer Werner bedankte sich ganz herzlich f\u00fcr das Kreuz und bekundete, dass er es sich sehr gerne umh\u00e4ngen lasse und dass er den Gottesdienst zelebrieren durfte. Den Auftrag an Pfarrer Schmitt alle guten W\u00fcnsche zu \u00fcbermitteln, nehme er gerne war. Er bekundete, dass er immer wieder gerne kommen w\u00fcrde.<\/p>\n<p>Aus dem Kreis der Teilnehmer am Lichtergottesdienst dankte dann Reinhold Pappert, Flieden, Werner Reck, dem Initiator dieser Veranstaltung, was alle Anwesenden mit einem kr\u00e4ftigen Applaus best\u00e4tigten.<br \/>\nDen Abschluss dieses wundersch\u00f6nen, lichterf\u00fcllten &#8220;Sommerabends&#8221; bildete das Marienlied: &#8220;Segne Du Maria&#8221;.<\/p>\n","protected":false},"excerpt":{"rendered":"<div class=\"tmnf_excerpt\"><p>Weit \u00fcber 100 Teilnehmer trafen sich bei strahlendem Abendsonnenschein am Fuldaer Theresienheim in der Maberzeller Stra\u00dfe um am diesj\u00e4hrigen Lichtergottesdienst des Kolping-Bezirksverbandes Neuhof an der Mariengrotte im Park teilzunehmen. Unter dem Thema \u201eVinzenz von Paul\u201c begaben sich die Teilnehmer in einer kleinen Wallfahrt mit 3 Stationen durch den kleinen Park des Theresienheims der Fuldaer Vinzentinerinnen &hellip;<\/p>\n<\/div>","protected":false},"author":1,"featured_media":163420,"comment_status":"closed","ping_status":"closed","sticky":false,"template":"","format":"standard","meta":{"footnotes":""},"categories":[1],"tags":[],"class_list":["post-163413","post","type-post","status-publish","format-standard","has-post-thumbnail","hentry","category-startseite"],"_links":{"self":[{"href":"https:\/\/www.fuldaernachrichten.de\/index.php?rest_route=\/wp\/v2\/posts\/163413","targetHints":{"allow":["GET"]}}],"collection":[{"href":"https:\/\/www.fuldaernachrichten.de\/index.php?rest_route=\/wp\/v2\/posts"}],"about":[{"href":"https:\/\/www.fuldaernachrichten.de\/index.php?rest_route=\/wp\/v2\/types\/post"}],"author":[{"embeddable":true,"href":"https:\/\/www.fuldaernachrichten.de\/index.php?rest_route=\/wp\/v2\/users\/1"}],"replies":[{"embeddable":true,"href":"https:\/\/www.fuldaernachrichten.de\/index.php?rest_route=%2Fwp%2Fv2%2Fcomments&post=163413"}],"version-history":[{"count":1,"href":"https:\/\/www.fuldaernachrichten.de\/index.php?rest_route=\/wp\/v2\/posts\/163413\/revisions"}],"predecessor-version":[{"id":163425,"href":"https:\/\/www.fuldaernachrichten.de\/index.php?rest_route=\/wp\/v2\/posts\/163413\/revisions\/163425"}],"wp:featuredmedia":[{"embeddable":true,"href":"https:\/\/www.fuldaernachrichten.de\/index.php?rest_route=\/wp\/v2\/media\/163420"}],"wp:attachment":[{"href":"https:\/\/www.fuldaernachrichten.de\/index.php?rest_route=%2Fwp%2Fv2%2Fmedia&parent=163413"}],"wp:term":[{"taxonomy":"category","embeddable":true,"href":"https:\/\/www.fuldaernachrichten.de\/index.php?rest_route=%2Fwp%2Fv2%2Fcategories&post=163413"},{"taxonomy":"post_tag","embeddable":true,"href":"https:\/\/www.fuldaernachrichten.de\/index.php?rest_route=%2Fwp%2Fv2%2Ftags&post=163413"}],"curies":[{"name":"wp","href":"https:\/\/api.w.org\/{rel}","templated":true}]}}