{"id":163411,"date":"2017-05-23T07:40:41","date_gmt":"2017-05-23T05:40:41","guid":{"rendered":"http:\/\/www.fuldaer-nachrichten.de\/?p=163411"},"modified":"2017-05-23T07:40:41","modified_gmt":"2017-05-23T05:40:41","slug":"eroeffnung-des-bewegungsparcours-fuer-jugendliche-jugendforum-fulda-bewegt-etwas-in-der-stadt","status":"publish","type":"post","link":"https:\/\/www.fuldaernachrichten.de\/?p=163411","title":{"rendered":"Er\u00f6ffnung des Bewegungsparcours f\u00fcr Jugendliche &#8211; Jugendforum Fulda bewegt etwas in der Stadt"},"content":{"rendered":"<p><a href=\"http:\/\/www.fuldaer-nachrichten.de\/wp-content\/uploads\/2017\/05\/Logo_Jugendforum_bunt.jpg\"><img decoding=\"async\" src=\"http:\/\/www.fuldaer-nachrichten.de\/wp-content\/uploads\/2017\/05\/Logo_Jugendforum_bunt-265x188.jpg\" alt=\"\" width=\"265\" height=\"188\" class=\"alignleft size-thumbnail wp-image-163415\" srcset=\"https:\/\/www.fuldaernachrichten.de\/wp-content\/uploads\/2017\/05\/Logo_Jugendforum_bunt-265x188.jpg 265w, https:\/\/www.fuldaernachrichten.de\/wp-content\/uploads\/2017\/05\/Logo_Jugendforum_bunt-768x544.jpg 768w, https:\/\/www.fuldaernachrichten.de\/wp-content\/uploads\/2017\/05\/Logo_Jugendforum_bunt-600x425.jpg 600w, https:\/\/www.fuldaernachrichten.de\/wp-content\/uploads\/2017\/05\/Logo_Jugendforum_bunt.jpg 900w\" sizes=\"(max-width: 265px) 100vw, 265px\" \/><\/a>Am Samstag, 03. Juni 2017 um 14 Uhr l\u00e4dt das Jugendforum der Stadt Fulda zur Er\u00f6ffnung des Bewegungsparcours f\u00fcr Jugendliche in die Fuldaauen ein (hinter dem Deutschen Feuerwehrmuseum \u2013 Richtung Umweltzentrum). B\u00fcrgermeister Dag Wehner wird die Er\u00f6ffnung \u00fcbernehmen. Anschlie\u00dfend zeigt Oliver Dimmerling aus dem Fitnessstudio Paradiso, wie man die neuen Ger\u00e4te effektiv nutzen kann (Dauer der Fitnesseinheit 30 min). Zus\u00e4tzlich reicht das Jugendforum gesunde Snacks und Getr\u00e4nke. Um ca. 15 Uhr startet die Fitnesseinheit erneut. <\/p>\n<p>Entstanden ist der Parcours unter Mitwirkung der Jugendlichen aus dem Jugendforum der Stadt Fulda. Gemeinsam mit den Fachleuten aus dem Spielplatzkompass haben sie dar\u00fcber entschieden, an welcher Stelle die neuen Ger\u00e4te aufgestellt werden sollen. Die Jugendlichen aus dem Forum und die G\u00e4ste von art for fun haben 2016 dar\u00fcber abgestimmt, welche Arten von Ger\u00e4ten aufgebaut werden sollen. Die Stadt Fulda hat f\u00fcr diesen Bewegungsparcours 40.000\u00e2\u201a\u00ac zur Verf\u00fcgung gestellt. Er schlie\u00dft an die bereits vorhandenen Ger\u00e4te in den Fuldaauen am Umweltzentrum an. Diese Ger\u00e4te sind f\u00fcr \u00e4ltere Menschen gedacht, k\u00f6nnen aber nat\u00fcrlich auch von J\u00fcngeren genutzt werden. Durch dieses Angebot schafft die Stadt Fulda einen Raum f\u00fcr Menschen, die sich, egal in welchem Alter, fit halten m\u00f6chten.<\/p>\n","protected":false},"excerpt":{"rendered":"<div class=\"tmnf_excerpt\"><p>Am Samstag, 03. Juni 2017 um 14 Uhr l\u00e4dt das Jugendforum der Stadt Fulda zur Er\u00f6ffnung des Bewegungsparcours f\u00fcr Jugendliche in die Fuldaauen ein (hinter dem Deutschen Feuerwehrmuseum \u2013 Richtung Umweltzentrum). B\u00fcrgermeister Dag Wehner wird die Er\u00f6ffnung \u00fcbernehmen. Anschlie\u00dfend zeigt Oliver Dimmerling aus dem Fitnessstudio Paradiso, wie man die neuen Ger\u00e4te effektiv nutzen kann (Dauer &hellip;<\/p>\n<\/div>","protected":false},"author":1,"featured_media":163414,"comment_status":"closed","ping_status":"closed","sticky":false,"template":"","format":"standard","meta":{"footnotes":""},"categories":[1],"tags":[],"class_list":["post-163411","post","type-post","status-publish","format-standard","has-post-thumbnail","hentry","category-startseite"],"_links":{"self":[{"href":"https:\/\/www.fuldaernachrichten.de\/index.php?rest_route=\/wp\/v2\/posts\/163411","targetHints":{"allow":["GET"]}}],"collection":[{"href":"https:\/\/www.fuldaernachrichten.de\/index.php?rest_route=\/wp\/v2\/posts"}],"about":[{"href":"https:\/\/www.fuldaernachrichten.de\/index.php?rest_route=\/wp\/v2\/types\/post"}],"author":[{"embeddable":true,"href":"https:\/\/www.fuldaernachrichten.de\/index.php?rest_route=\/wp\/v2\/users\/1"}],"replies":[{"embeddable":true,"href":"https:\/\/www.fuldaernachrichten.de\/index.php?rest_route=%2Fwp%2Fv2%2Fcomments&post=163411"}],"version-history":[{"count":1,"href":"https:\/\/www.fuldaernachrichten.de\/index.php?rest_route=\/wp\/v2\/posts\/163411\/revisions"}],"predecessor-version":[{"id":163416,"href":"https:\/\/www.fuldaernachrichten.de\/index.php?rest_route=\/wp\/v2\/posts\/163411\/revisions\/163416"}],"wp:featuredmedia":[{"embeddable":true,"href":"https:\/\/www.fuldaernachrichten.de\/index.php?rest_route=\/wp\/v2\/media\/163414"}],"wp:attachment":[{"href":"https:\/\/www.fuldaernachrichten.de\/index.php?rest_route=%2Fwp%2Fv2%2Fmedia&parent=163411"}],"wp:term":[{"taxonomy":"category","embeddable":true,"href":"https:\/\/www.fuldaernachrichten.de\/index.php?rest_route=%2Fwp%2Fv2%2Fcategories&post=163411"},{"taxonomy":"post_tag","embeddable":true,"href":"https:\/\/www.fuldaernachrichten.de\/index.php?rest_route=%2Fwp%2Fv2%2Ftags&post=163411"}],"curies":[{"name":"wp","href":"https:\/\/api.w.org\/{rel}","templated":true}]}}