{"id":163407,"date":"2017-05-23T07:39:37","date_gmt":"2017-05-23T05:39:37","guid":{"rendered":"http:\/\/www.fuldaer-nachrichten.de\/?p=163407"},"modified":"2017-05-23T07:39:37","modified_gmt":"2017-05-23T05:39:37","slug":"neuer-umweltpraktikant-im-biosphaerenreservat","status":"publish","type":"post","link":"https:\/\/www.fuldaernachrichten.de\/?p=163407","title":{"rendered":"Neuer Umweltpraktikant im Biosph\u00e4renreservat"},"content":{"rendered":"<p>Andreas Hose, stellvertretender Filialleiter der Commerzbank Fulda und Martin Kremer vom Verein Natur- und Lebensraum Rh\u00f6n begr\u00fc\u00dften Philippe Ackermann als neuen Commerzbank-Umweltpraktikanten in der Rh\u00f6n. Der 31j\u00e4hrige, der an der Georg-August-Universit\u00e4t G\u00f6ttingen \u00d6kosystemmanagement studiert, wird f\u00fcr drei Monate im Gr\u00fcnlandprojekt des Biosph\u00e4renreservats mitarbeiten. <\/p>\n<p>Das gemeinsam von den deutschen Gro\u00dfschutzgebieten und der Commerzbank in den fr\u00fchen 90er Jahren entwickelte Umweltpraktikum finanziert auch in diesem Jahr wieder 70 Praktikantenstellen, davon zwei in der hessischen Rh\u00f6n. F\u00fcr jeden Praktikumsmonat stellt die Commerzbank rund 500 \u00e2\u201a\u00ac f\u00fcr Taschengeld und \u00dcbernachtung zur Verf\u00fcgung.<\/p>\n<p>Ackermann bezeichnet das Praktikum, welches er auf das Studium angerechnet bekommt, als Gl\u00fccksfall. Der Student, der zuvor u. a. als Zeitsoldat bei der Bundeswehr t\u00e4tig war und einige Jahre in Namibia gelebt und studiert hat, bringt eine erhebliche Lebenserfahrung in das Projekt ein. Umso mehr zeigt er sich beeindruckt von dem strukturierten und transparenten Projektmanagement des EU-Naturschutzgro\u00dfprojektes, das dem Schutz der Artenvielfalt der Rh\u00f6ner Bergwiesen dient.<br \/>\nEr hofft, die Erfahrungen aus dem Praktikum f\u00fcr seine Bachelorarbeit nutzen zu k\u00f6nnen.<\/p>\n<p>Andreas Hose betont, dass es der Bank ein besonderes Anliegen sei, mit diesem langj\u00e4hrigen finanziellen Engagement in die Zukunft, n\u00e4mlich in junge engagierte Leute zu investieren. Martin Kremer w\u00fcrdigt das Umweltpraktikum, welches die Commerzbank und der Verein gemeinsam seit 1994 in der Rh\u00f6n anbieten, als einen Segen f\u00fcr die Region. \u201eDie jungen Leute haben in den vergangenen Jahren vielf\u00e4ltige Spuren hinterlassen und uns Impulse gegeben. Und nicht zuletzt haben fast alle einen guten Weg ins Berufsleben gefunden und auf h\u00f6chst unterschiedliche Weise Karriere gemacht\u201c.<\/p>\n<p>Voraussichtlich ab November 2017 k\u00f6nnen sich wieder Studentinnen und Studenten auf neue Praktikumspl\u00e4tze f\u00fcr 2018 bewerben. Voraussichtlich wird der Verein Natur- und Lebensraum Rh\u00f6n auch in kommenden Jahr zwei dreimonatige Praktika, welche von der Commerzbank gesponsert werden, anbieten k\u00f6nnen.<\/p>\n","protected":false},"excerpt":{"rendered":"<div class=\"tmnf_excerpt\"><p>Andreas Hose, stellvertretender Filialleiter der Commerzbank Fulda und Martin Kremer vom Verein Natur- und Lebensraum Rh\u00f6n begr\u00fc\u00dften Philippe Ackermann als neuen Commerzbank-Umweltpraktikanten in der Rh\u00f6n. Der 31j\u00e4hrige, der an der Georg-August-Universit\u00e4t G\u00f6ttingen \u00d6kosystemmanagement studiert, wird f\u00fcr drei Monate im Gr\u00fcnlandprojekt des Biosph\u00e4renreservats mitarbeiten. Das gemeinsam von den deutschen Gro\u00dfschutzgebieten und der Commerzbank in den fr\u00fchen &hellip;<\/p>\n<\/div>","protected":false},"author":1,"featured_media":0,"comment_status":"closed","ping_status":"closed","sticky":false,"template":"","format":"standard","meta":{"footnotes":""},"categories":[1],"tags":[],"class_list":["post-163407","post","type-post","status-publish","format-standard","hentry","category-startseite"],"_links":{"self":[{"href":"https:\/\/www.fuldaernachrichten.de\/index.php?rest_route=\/wp\/v2\/posts\/163407","targetHints":{"allow":["GET"]}}],"collection":[{"href":"https:\/\/www.fuldaernachrichten.de\/index.php?rest_route=\/wp\/v2\/posts"}],"about":[{"href":"https:\/\/www.fuldaernachrichten.de\/index.php?rest_route=\/wp\/v2\/types\/post"}],"author":[{"embeddable":true,"href":"https:\/\/www.fuldaernachrichten.de\/index.php?rest_route=\/wp\/v2\/users\/1"}],"replies":[{"embeddable":true,"href":"https:\/\/www.fuldaernachrichten.de\/index.php?rest_route=%2Fwp%2Fv2%2Fcomments&post=163407"}],"version-history":[{"count":1,"href":"https:\/\/www.fuldaernachrichten.de\/index.php?rest_route=\/wp\/v2\/posts\/163407\/revisions"}],"predecessor-version":[{"id":163410,"href":"https:\/\/www.fuldaernachrichten.de\/index.php?rest_route=\/wp\/v2\/posts\/163407\/revisions\/163410"}],"wp:attachment":[{"href":"https:\/\/www.fuldaernachrichten.de\/index.php?rest_route=%2Fwp%2Fv2%2Fmedia&parent=163407"}],"wp:term":[{"taxonomy":"category","embeddable":true,"href":"https:\/\/www.fuldaernachrichten.de\/index.php?rest_route=%2Fwp%2Fv2%2Fcategories&post=163407"},{"taxonomy":"post_tag","embeddable":true,"href":"https:\/\/www.fuldaernachrichten.de\/index.php?rest_route=%2Fwp%2Fv2%2Ftags&post=163407"}],"curies":[{"name":"wp","href":"https:\/\/api.w.org\/{rel}","templated":true}]}}