{"id":163404,"date":"2017-05-23T07:38:44","date_gmt":"2017-05-23T05:38:44","guid":{"rendered":"http:\/\/www.fuldaer-nachrichten.de\/?p=163404"},"modified":"2017-05-23T07:38:44","modified_gmt":"2017-05-23T05:38:44","slug":"musiker-fuer-strassenmusik-festival-2017-gesucht","status":"publish","type":"post","link":"https:\/\/www.fuldaernachrichten.de\/?p=163404","title":{"rendered":"Musiker f\u00fcr Stra\u00dfenmusik-Festival 2017 gesucht"},"content":{"rendered":"<p>Nach der genialen Premiere 2015 und der grandiosen zweiten Auflage im vergangenen Jahr soll auch 2017 wieder ein Stra\u00dfenmusik-Festival in Schl\u00fcchtern steigen. Und damit die Riesenparty mindestens genauso gro\u00dfartig wird wie im Vorjahr, sind nun Solisten, Duette und Bands gefragt, die Lust haben, die Stra\u00dfe zu rocken und die Bergwinkelstadt zum Klingen zu bringen.  <\/p>\n<p>Am Samstag, 2. September, verwandelt sich die Innenstadt von Schl\u00fcchtern wieder in eine bunte Feiermeile. Auf acht oder neun \u201eB\u00fchnen\u201c, jeweils bestehend aus einem gut frequentierten St\u00fcck \u201ePflaster\u201c, werden an diesem Tag von 18 bis 24 Uhr Solok\u00fcnstler und Bands die Passanten unterhalten und mit ihren Kl\u00e4ngen die Gassen erf\u00fcllen \u2013 live und \u00fcberwiegend unplugged, authentisch und in direktem Kontakt mit dem Zuschauer, ohne gro\u00dfen technischen Schnickschnack und aufw\u00e4ndige B\u00fchnenaufbauten.<\/p>\n<p>Jeder Spielort wird betreut und bewirtet, Veranstalter ist der Verein f\u00fcr Wirtschaft und Tourismus Schl\u00fcchtern e.V. (WITO) unterst\u00fctzt durch die Stadt Schl\u00fcchtern. Die Gesch\u00e4fte haben bis Mitternacht ge\u00f6ffnet, ein Teil der Innenstadt ist f\u00fcr den Verkehr gesperrt, Stra\u00dfencaf\u00e9s, Restaurants\u00c2\u00a0und Bierg\u00e4rten bieten Cocktails, Fassbier und besondere Snacks an. Im vergangenen Jahr waren die Stra\u00dfen bei idealem Wetter und Regen mit Menschen gef\u00fcllt, die sich \u00fcber unterschiedlichste Musikstile und Performances freuten. Gro\u00dfe Radiosender berichteten \u00fcber den Event, Zeitungen schrieben dar\u00fcber. <\/p>\n<p>Bewerbung noch bis 6. Juni 2017 m\u00f6glich \/ Niemand spielt umsonst<\/p>\n<p>F\u00fcr das diesj\u00e4hrige Stra\u00dfenmusik-Festival haben sich bereits zahlreiche K\u00fcnstler aus ganz Deutschland, aus Irland und aus Australien angemeldet. Wer jetzt noch mitmachen m\u00f6chte, sollte nicht mehr allzu lange warten: Die Bewerbungsfrist endet am Dienstag, 06. Juni 2017, die Teilnehmerzahl ist begrenzt, und einige Solisten und Bands sind schon gesetzt. Um das Programm m\u00f6glichst abwechslungsreich und spannend zu gestalten, sind Musiker unterschiedlichster Stilrichtungen eingeladen, sich zu bewerben \u2013 ob Pop, Rock, Jazz, Folk, Hip-Hop, Volksmusik, Klassik, A-Cappella oder irgendetwas dazwischen, ob aus der Region oder dar\u00fcber hinaus.<\/p>\n<p>Das Festival kostet f\u00fcr das Publikum keinen Eintritt. F\u00fcr die Musiker besteht die M\u00f6glichkeit, einen Hut oder \u00e4hnliches aufzustellen und Einnahmen aus dem Verkauf eigener CDs zu generieren. Die Besucher werden gebeten, Kleingeld bereit zu halten. Au\u00dferdem erh\u00e4lt jeder Solist, jedes Projekt und jede Band in diesem Jahr eine Startpr\u00e4mie: Solisten bekommen 50 Euro, pro weiterer Person gibt es 25 Euro, maximal aber 100 Euro f\u00fcr eine Band. Denn niemand soll umsonst spielen. <\/p>\n<p>Die drei besten Darbietungen werden belohnt \/ Neu: Nachwuchspreis <\/p>\n<p>Wie im Vorjahr findet wieder ein Wettbewerb statt, die besten drei Darbietungen werden pr\u00e4miert. Neu ist der Nachwuchspreis \u2013 damit j\u00fcngere Teilnehmer mit weniger Erfahrung auch mehr als Erfahrung gewinnen k\u00f6nnen. Auf den\/die Erstplatzierten warten 1000 Euro, der zweite Platz ist mit 500 Euro, der dritte mit 250 Euro dotiert. Einen weiteren Preis in H\u00f6he von 250.- Euro gibt es f\u00fcr die beste Performance, den besten Auftritt oder der beste Nachwuchs-Act. Die Jury besteht aus K\u00fcnstlern, Musikern und Honoratioren der Stadt.<\/p>\n<p>Wer dabei sein will beim 3. Stra\u00dfenmusik-Festival in Schl\u00fcchtern, kann sich auf der Internetseite www.festival-schluechtern.de schlau machen und anmelden. Zur Bewerbung geh\u00f6rt ein Youtube- oder Vimeo-Video. Dieses muss nicht professionell produziert sein und hat keinen Einfluss auf den Ausgang des Wettbewerbs. Es dient lediglich der Vorstellung der Musik und K\u00fcnstler. Sobald die Anmeldefrist verstrichen ist, bekommen die Interpreten per E-Mail \u00fcber weitere Details Bescheid.  <\/p>\n","protected":false},"excerpt":{"rendered":"<div class=\"tmnf_excerpt\"><p>Nach der genialen Premiere 2015 und der grandiosen zweiten Auflage im vergangenen Jahr soll auch 2017 wieder ein Stra\u00dfenmusik-Festival in Schl\u00fcchtern steigen. Und damit die Riesenparty mindestens genauso gro\u00dfartig wird wie im Vorjahr, sind nun Solisten, Duette und Bands gefragt, die Lust haben, die Stra\u00dfe zu rocken und die Bergwinkelstadt zum Klingen zu bringen. Am &hellip;<\/p>\n<\/div>","protected":false},"author":1,"featured_media":163408,"comment_status":"closed","ping_status":"closed","sticky":false,"template":"","format":"standard","meta":{"footnotes":""},"categories":[1],"tags":[],"class_list":["post-163404","post","type-post","status-publish","format-standard","has-post-thumbnail","hentry","category-startseite"],"_links":{"self":[{"href":"https:\/\/www.fuldaernachrichten.de\/index.php?rest_route=\/wp\/v2\/posts\/163404","targetHints":{"allow":["GET"]}}],"collection":[{"href":"https:\/\/www.fuldaernachrichten.de\/index.php?rest_route=\/wp\/v2\/posts"}],"about":[{"href":"https:\/\/www.fuldaernachrichten.de\/index.php?rest_route=\/wp\/v2\/types\/post"}],"author":[{"embeddable":true,"href":"https:\/\/www.fuldaernachrichten.de\/index.php?rest_route=\/wp\/v2\/users\/1"}],"replies":[{"embeddable":true,"href":"https:\/\/www.fuldaernachrichten.de\/index.php?rest_route=%2Fwp%2Fv2%2Fcomments&post=163404"}],"version-history":[{"count":1,"href":"https:\/\/www.fuldaernachrichten.de\/index.php?rest_route=\/wp\/v2\/posts\/163404\/revisions"}],"predecessor-version":[{"id":163409,"href":"https:\/\/www.fuldaernachrichten.de\/index.php?rest_route=\/wp\/v2\/posts\/163404\/revisions\/163409"}],"wp:featuredmedia":[{"embeddable":true,"href":"https:\/\/www.fuldaernachrichten.de\/index.php?rest_route=\/wp\/v2\/media\/163408"}],"wp:attachment":[{"href":"https:\/\/www.fuldaernachrichten.de\/index.php?rest_route=%2Fwp%2Fv2%2Fmedia&parent=163404"}],"wp:term":[{"taxonomy":"category","embeddable":true,"href":"https:\/\/www.fuldaernachrichten.de\/index.php?rest_route=%2Fwp%2Fv2%2Fcategories&post=163404"},{"taxonomy":"post_tag","embeddable":true,"href":"https:\/\/www.fuldaernachrichten.de\/index.php?rest_route=%2Fwp%2Fv2%2Ftags&post=163404"}],"curies":[{"name":"wp","href":"https:\/\/api.w.org\/{rel}","templated":true}]}}