{"id":163395,"date":"2017-05-23T07:36:08","date_gmt":"2017-05-23T05:36:08","guid":{"rendered":"http:\/\/www.fuldaer-nachrichten.de\/?p=163395"},"modified":"2017-05-23T07:36:08","modified_gmt":"2017-05-23T05:36:08","slug":"information-und-unterhaltung-beim-kreisjugendfeuerwehrtag","status":"publish","type":"post","link":"https:\/\/www.fuldaernachrichten.de\/?p=163395","title":{"rendered":"Information und Unterhaltung beim Kreisjugendfeuerwehrtag"},"content":{"rendered":"<p>Alle zwei Jahre findet der Kreisjugendfeuerwehrtag statt, der sich gro\u00dfer Beliebtheit erfreut. \u00dcber 1.500 Besucher waren in den letzten Jahren zu verzeichnen. Neben der Vorf\u00fchrung von Einsatz\u00fcbungen und Rettungsma\u00dfnahmen sowie Fahrzeug- und Ger\u00e4teausstellungen kommen auch Spiel und Spa\u00df sowie Begegnung und Gespr\u00e4ch nicht zu kurz. Der Kreisjugendfeuerwehrtag ist gleicherma\u00dfen f\u00fcr die Mitglieder der (Jugend-)Feuerwehren als auch die breite \u00d6ffentlichkeit interessant, um die Feuerwehren und Hilfsorganisationen im Landkreis n\u00e4her kennenzulernen. Die Kreisjugendfeuerwehr Fulda l\u00e4dt alle zum diesj\u00e4hrigen Kreisjugendfeuerwehrtag am Sonntag, 4. Juni, in Bad Salzschlirf ein, der um 10.30 Uhr vor der Musikmuschel im Kurpark er\u00f6ffnet wird.<\/p>\n","protected":false},"excerpt":{"rendered":"<div class=\"tmnf_excerpt\"><p>Alle zwei Jahre findet der Kreisjugendfeuerwehrtag statt, der sich gro\u00dfer Beliebtheit erfreut. \u00dcber 1.500 Besucher waren in den letzten Jahren zu verzeichnen. Neben der Vorf\u00fchrung von Einsatz\u00fcbungen und Rettungsma\u00dfnahmen sowie Fahrzeug- und Ger\u00e4teausstellungen kommen auch Spiel und Spa\u00df sowie Begegnung und Gespr\u00e4ch nicht zu kurz. Der Kreisjugendfeuerwehrtag ist gleicherma\u00dfen f\u00fcr die Mitglieder der (Jugend-)Feuerwehren als &hellip;<\/p>\n<\/div>","protected":false},"author":1,"featured_media":163398,"comment_status":"closed","ping_status":"closed","sticky":false,"template":"","format":"standard","meta":{"footnotes":""},"categories":[1],"tags":[],"class_list":["post-163395","post","type-post","status-publish","format-standard","has-post-thumbnail","hentry","category-startseite"],"_links":{"self":[{"href":"https:\/\/www.fuldaernachrichten.de\/index.php?rest_route=\/wp\/v2\/posts\/163395","targetHints":{"allow":["GET"]}}],"collection":[{"href":"https:\/\/www.fuldaernachrichten.de\/index.php?rest_route=\/wp\/v2\/posts"}],"about":[{"href":"https:\/\/www.fuldaernachrichten.de\/index.php?rest_route=\/wp\/v2\/types\/post"}],"author":[{"embeddable":true,"href":"https:\/\/www.fuldaernachrichten.de\/index.php?rest_route=\/wp\/v2\/users\/1"}],"replies":[{"embeddable":true,"href":"https:\/\/www.fuldaernachrichten.de\/index.php?rest_route=%2Fwp%2Fv2%2Fcomments&post=163395"}],"version-history":[{"count":1,"href":"https:\/\/www.fuldaernachrichten.de\/index.php?rest_route=\/wp\/v2\/posts\/163395\/revisions"}],"predecessor-version":[{"id":163399,"href":"https:\/\/www.fuldaernachrichten.de\/index.php?rest_route=\/wp\/v2\/posts\/163395\/revisions\/163399"}],"wp:featuredmedia":[{"embeddable":true,"href":"https:\/\/www.fuldaernachrichten.de\/index.php?rest_route=\/wp\/v2\/media\/163398"}],"wp:attachment":[{"href":"https:\/\/www.fuldaernachrichten.de\/index.php?rest_route=%2Fwp%2Fv2%2Fmedia&parent=163395"}],"wp:term":[{"taxonomy":"category","embeddable":true,"href":"https:\/\/www.fuldaernachrichten.de\/index.php?rest_route=%2Fwp%2Fv2%2Fcategories&post=163395"},{"taxonomy":"post_tag","embeddable":true,"href":"https:\/\/www.fuldaernachrichten.de\/index.php?rest_route=%2Fwp%2Fv2%2Ftags&post=163395"}],"curies":[{"name":"wp","href":"https:\/\/api.w.org\/{rel}","templated":true}]}}