{"id":163375,"date":"2017-05-23T07:36:14","date_gmt":"2017-05-23T05:36:14","guid":{"rendered":"http:\/\/www.fuldaer-nachrichten.de\/?p=163375"},"modified":"2017-05-23T07:36:14","modified_gmt":"2017-05-23T05:36:14","slug":"gespraech-der-hessischen-landesregierung-mit-den-leitungen-der-katholischen-bistuemer-und-der-evangelischen-kirchen-in-hessen","status":"publish","type":"post","link":"https:\/\/www.fuldaernachrichten.de\/?p=163375","title":{"rendered":"Gespr\u00e4ch der Hessischen Landesregierung mit den Leitungen der Katholischen Bist\u00fcmer und der Evangelischen Kirchen in Hessen"},"content":{"rendered":"<p>Unter der Leitung von Ministerpr\u00e4sident Volker Bouffier sind Ministerinnen und Minister der Hessischen Landesregierung turnusgem\u00e4\u00df mit den Spitzen der Katholischen Bist\u00fcmer und der Evangelischen Kirchen zu einem intensiven Meinungsaustausch zusammengekommen. Das Treffen fand in diesem Jahr in der Hessischen Staatskanzlei in Wiesbaden statt. \u201eEs ist gute Tradition, einmal im Jahr mit den h\u00f6chsten Kirchenvertretern unseres Landes zu einem institutionalisierten Austausch zusammen zu kommen, um in einem konstruktiven und kontinuierlichen Dialog gemeinsam \u00fcber aktuelle kirchliche wie politische Themen zu sprechen\u201c, sagte Bouffier. Im Mittelpunkt der Begegnung und Beratungen standen insbesondere die Entwicklung des l\u00e4ndlichen Raums, das Hessische Kinderf\u00f6rderungsgesetz und die Arbeit in den konfessionellen Kindertagesst\u00e4tten sowie die Fl\u00fcchtlingssituation. \u201eAufgrund der gesellschaftlichen Ver\u00e4nderungen stehen Kirche und Staat gemeinsam vor gro\u00dfen Herausforderungen, bei deren Bew\u00e4ltigung wir unsere gute Kooperation fortsetzen\u201c, so Ministerpr\u00e4sident Bouffier.<\/p>\n<p>In einem Impuls zur Entwicklung des l\u00e4ndlichen Raums stellte Bischof Heinz Josef Algermissen am Beispiel des Landkreises Fulda sowie des Werra-Meisner-Kreises Perspektiven bis 2030 dar und brachte wichtige Faktoren wie Mobilit\u00e4t, Pendlerproblem, Gesundheitsversorgung, Einkaufsm\u00f6glichkeiten sowie die kirchliche Situation vor Ort zur Sprache. Ebenso ging der Bischof auf die Situation von Taufbewerbern und Neugetauften aus dem Iran und aus Syrien sowie auf Probleme mit dem \u201eBundesamt f\u00fcr Migration und Fl\u00fcchtlinge\u201c ein.<\/p>\n<p>An dem Gespr\u00e4ch nahmen f\u00fcr die katholische Seite der Erzbischof von Paderborn, Hans-Josef Becker, f\u00fcr das Bistum Limburg erstmalig Bischof Dr. Georg B\u00e4tzing, f\u00fcr das Bistum Fulda Bischof Heinz Josef Algermissen und f\u00fcr das Bistum Mainz Di\u00f6zesanadministrator Dietmar Giebelmann teil.<br \/>\nF\u00fcr die Evangelische Kirche von Kurhessen-Waldeck waren Bischof Prof. Dr. Martin Hein, f\u00fcr die Evangelische Kirche in Hessen und Nassau Kirchenpr\u00e4sident Dr. Dr. h.c. Volker Jung sowie Pr\u00e4ses Manfred Rekowski f\u00fcr die Evangelische Kirche im Rheinland anwesend.<\/p>\n","protected":false},"excerpt":{"rendered":"<div class=\"tmnf_excerpt\"><p>Unter der Leitung von Ministerpr\u00e4sident Volker Bouffier sind Ministerinnen und Minister der Hessischen Landesregierung turnusgem\u00e4\u00df mit den Spitzen der Katholischen Bist\u00fcmer und der Evangelischen Kirchen zu einem intensiven Meinungsaustausch zusammengekommen. Das Treffen fand in diesem Jahr in der Hessischen Staatskanzlei in Wiesbaden statt. \u201eEs ist gute Tradition, einmal im Jahr mit den h\u00f6chsten Kirchenvertretern unseres &hellip;<\/p>\n<\/div>","protected":false},"author":1,"featured_media":163396,"comment_status":"closed","ping_status":"closed","sticky":false,"template":"","format":"standard","meta":{"footnotes":""},"categories":[1],"tags":[],"class_list":["post-163375","post","type-post","status-publish","format-standard","has-post-thumbnail","hentry","category-startseite"],"_links":{"self":[{"href":"https:\/\/www.fuldaernachrichten.de\/index.php?rest_route=\/wp\/v2\/posts\/163375","targetHints":{"allow":["GET"]}}],"collection":[{"href":"https:\/\/www.fuldaernachrichten.de\/index.php?rest_route=\/wp\/v2\/posts"}],"about":[{"href":"https:\/\/www.fuldaernachrichten.de\/index.php?rest_route=\/wp\/v2\/types\/post"}],"author":[{"embeddable":true,"href":"https:\/\/www.fuldaernachrichten.de\/index.php?rest_route=\/wp\/v2\/users\/1"}],"replies":[{"embeddable":true,"href":"https:\/\/www.fuldaernachrichten.de\/index.php?rest_route=%2Fwp%2Fv2%2Fcomments&post=163375"}],"version-history":[{"count":1,"href":"https:\/\/www.fuldaernachrichten.de\/index.php?rest_route=\/wp\/v2\/posts\/163375\/revisions"}],"predecessor-version":[{"id":163401,"href":"https:\/\/www.fuldaernachrichten.de\/index.php?rest_route=\/wp\/v2\/posts\/163375\/revisions\/163401"}],"wp:featuredmedia":[{"embeddable":true,"href":"https:\/\/www.fuldaernachrichten.de\/index.php?rest_route=\/wp\/v2\/media\/163396"}],"wp:attachment":[{"href":"https:\/\/www.fuldaernachrichten.de\/index.php?rest_route=%2Fwp%2Fv2%2Fmedia&parent=163375"}],"wp:term":[{"taxonomy":"category","embeddable":true,"href":"https:\/\/www.fuldaernachrichten.de\/index.php?rest_route=%2Fwp%2Fv2%2Fcategories&post=163375"},{"taxonomy":"post_tag","embeddable":true,"href":"https:\/\/www.fuldaernachrichten.de\/index.php?rest_route=%2Fwp%2Fv2%2Ftags&post=163375"}],"curies":[{"name":"wp","href":"https:\/\/api.w.org\/{rel}","templated":true}]}}