{"id":163374,"date":"2017-05-23T07:35:02","date_gmt":"2017-05-23T05:35:02","guid":{"rendered":"http:\/\/www.fuldaer-nachrichten.de\/?p=163374"},"modified":"2017-05-23T07:35:02","modified_gmt":"2017-05-23T05:35:02","slug":"ein-feste-burg-klingender-luther","status":"publish","type":"post","link":"https:\/\/www.fuldaernachrichten.de\/?p=163374","title":{"rendered":"\u201eEin feste Burg\u201c \u2013 Klingender Luther"},"content":{"rendered":"<p>Luthers Thesenanschlag 1517 hat neben theologischen und geschichtlichen auch musikalische Spuren hinterlassen. Diese Spuren nimmt die Er\u00f6ffnung des Tanner Musiksommers ganz bewusst in den Blick.<\/p>\n<p>Wenn es einen Choral gibt, der auf das Engste mit der Reformation und der Person des Reformators Martin Luther in Verbindung gebracht wird, dann \u201eEin feste Burg ist unser Gott\u201c. Von jeher mit einer enormen Symbolkraft ausgestattet, hat das Lied und auch das, wof\u00fcr es steht, durch die Jahrhunderte eine un\u00fcbersehbare Zahl von Komponisten zu Sch\u00f6pfungen unterschiedlichster Art inspiriert.<\/p>\n<p>Der Kirchenchor Tann und das Rathgeberensemble Fulda mit Solisten (Ltg. Thomas N\u00fcdling) sp\u00fcren im Er\u00f6ffnungskonzert am Pfingstsonntag, 4. Juni 2017 um 20 Uhr in der Stadtkirche Tann der musikalischen Sch\u00f6pferkraft Martin Luthers nach. Aufgef\u00fchrt werden Werke von Johann Sebastian Bach (Suite Nr. 1 C-Dur BWV 1066), Felix Mendelssohn Bartholdy (\u201eVerleih uns Frieden gn\u00e4diglich\u201c), Martin Luther (\u201eNon moriar\u201c), Otto Nicolai (Festouvert\u00fcre \u00fcber \u201eEin feste Burg\u201c op. 31), Thomas N\u00fcdling (\u201eLuther-Messe\u201c) u.a. auf. <\/p>\n<p>Der Eintritt ist frei. Um eine Spende am Ausgang wird gebeten.<br \/>\nNach dem Konzert l\u00e4dt die Kirchengemeinde zu einem Sektempfang auf der von Fackeln erleuchteten Kirchentreppe ein.<br \/>\nDas Konzert wird gef\u00f6rdert durch die freundliche Unterst\u00fctzung der Sparkasse Fulda, des Bauunternehmen Karl Fleischmann (Tann) und der Tannen-Apotheke (Tann).<\/p>\n<p>Pfingstmontag, 5. Juni 2017<br \/>\n10 Uhr<br \/>\nStadtkirche Tann<br \/>\nFestgottesdienst<\/p>\n<p>Im Gottesdienst am Pfingstmontag h\u00e4lt Propst Bernd B\u00f6ttner (Hanau) die Predigt. F\u00fcr die Liturgie zeichnet sich Pfarrerin Heike Dietrich verantwortlich. Kirchenchor und Rathgeberensemble musizieren.<\/p>\n","protected":false},"excerpt":{"rendered":"<div class=\"tmnf_excerpt\"><p>Luthers Thesenanschlag 1517 hat neben theologischen und geschichtlichen auch musikalische Spuren hinterlassen. Diese Spuren nimmt die Er\u00f6ffnung des Tanner Musiksommers ganz bewusst in den Blick. Wenn es einen Choral gibt, der auf das Engste mit der Reformation und der Person des Reformators Martin Luther in Verbindung gebracht wird, dann \u201eEin feste Burg ist unser Gott\u201c. &hellip;<\/p>\n<\/div>","protected":false},"author":1,"featured_media":163393,"comment_status":"closed","ping_status":"closed","sticky":false,"template":"","format":"standard","meta":{"footnotes":""},"categories":[1],"tags":[],"class_list":["post-163374","post","type-post","status-publish","format-standard","has-post-thumbnail","hentry","category-startseite"],"_links":{"self":[{"href":"https:\/\/www.fuldaernachrichten.de\/index.php?rest_route=\/wp\/v2\/posts\/163374","targetHints":{"allow":["GET"]}}],"collection":[{"href":"https:\/\/www.fuldaernachrichten.de\/index.php?rest_route=\/wp\/v2\/posts"}],"about":[{"href":"https:\/\/www.fuldaernachrichten.de\/index.php?rest_route=\/wp\/v2\/types\/post"}],"author":[{"embeddable":true,"href":"https:\/\/www.fuldaernachrichten.de\/index.php?rest_route=\/wp\/v2\/users\/1"}],"replies":[{"embeddable":true,"href":"https:\/\/www.fuldaernachrichten.de\/index.php?rest_route=%2Fwp%2Fv2%2Fcomments&post=163374"}],"version-history":[{"count":1,"href":"https:\/\/www.fuldaernachrichten.de\/index.php?rest_route=\/wp\/v2\/posts\/163374\/revisions"}],"predecessor-version":[{"id":163394,"href":"https:\/\/www.fuldaernachrichten.de\/index.php?rest_route=\/wp\/v2\/posts\/163374\/revisions\/163394"}],"wp:featuredmedia":[{"embeddable":true,"href":"https:\/\/www.fuldaernachrichten.de\/index.php?rest_route=\/wp\/v2\/media\/163393"}],"wp:attachment":[{"href":"https:\/\/www.fuldaernachrichten.de\/index.php?rest_route=%2Fwp%2Fv2%2Fmedia&parent=163374"}],"wp:term":[{"taxonomy":"category","embeddable":true,"href":"https:\/\/www.fuldaernachrichten.de\/index.php?rest_route=%2Fwp%2Fv2%2Fcategories&post=163374"},{"taxonomy":"post_tag","embeddable":true,"href":"https:\/\/www.fuldaernachrichten.de\/index.php?rest_route=%2Fwp%2Fv2%2Ftags&post=163374"}],"curies":[{"name":"wp","href":"https:\/\/api.w.org\/{rel}","templated":true}]}}