{"id":163353,"date":"2017-05-23T07:31:47","date_gmt":"2017-05-23T05:31:47","guid":{"rendered":"http:\/\/www.fuldaer-nachrichten.de\/?p=163353"},"modified":"2017-05-23T07:31:47","modified_gmt":"2017-05-23T05:31:47","slug":"alsfelder-fotograf-bodo-runte-zeigt-seine-puppen","status":"publish","type":"post","link":"https:\/\/www.fuldaernachrichten.de\/?p=163353","title":{"rendered":"Alsfelder Fotograf Bodo Runte zeigt seine \u201ePuppen\u201c"},"content":{"rendered":"<p>Es ist eine kleine, sehr feine Ausstellung, die der Alsfelder Fotograf Bodo Runte anl\u00e4sslich der 4. Alsfelder Kulturtage im Bistrinna in der Untergasse zeigt: Sieben Fotografien, Aufnahmen ganz besonderer Fundst\u00fccke in einer Stumpertenroder Scheune. Dort inspirierte den K\u00fcnstler eine Reihe Schaufensterpuppen zu einer Fotoserie. Mehr oder weniger vollst\u00e4ndig waren die gefunden Objekte, sodass die genaue Anzahl der auf den sieben Fotografien festgehaltenen K\u00f6rper nicht final zu beziffern ist. Doch darum geht es auch nicht, vielmehr ist es der Bann, in denen die einst makellosen Gesichter ihren Betrachter ziehen. Nach ihrer langen Verbannung in der Scheune zeigen sich deutliche Spuren von Verfall, den die rurale Umgebung, verwittertes Holz, einfaches Stroh, noch unterstreicht. \u201eDie Bilder Runtes vermitteln eine hintergr\u00fcndige Spannung zwischen Banalit\u00e4t, Groteske und Anspielungen auf Fantasien bez\u00fcglich der (meist weiblichen) K\u00f6rper\u201c, hei\u00dft es daher treffend im Vorwort zu dem schmalen, doch keineswegs kleinen Bildband, den Runte anl\u00e4sslich der Ausstellung aufgelegt hat und aus dem zur Ausstellungser\u00f6ffnung am Sonntag der in Alsfeld gut bekannte und hoch gesch\u00e4tzte Vorleser Helmut Hampel vortrug.<\/p>\n<p>Die einzelnen Motive n\u00e4mlich inspirierten den Lauterbacher Lyriker Martin Krauss zu Gedichten, treffsicher, zweideutig, tiefgr\u00fcndig und \u00fcberraschend \u2013 ganz wie die Motive, mit denen sie zu einer perfekten Einheit verschmelzen. Soweit die Bilder und die Lyrik, die es von nun an bis zum kommenden Sonntag im Bistrinna zu sehen gibt. Zur Vernissage indes unterstrich eine weitere Kunstform Inhalte und Motive der Ausstellung: Der Gitarrist Joachim Rothe aus Homberg\/Ohm steuerte kongeniale Gitarrenkl\u00e4nge bei \u2013 eine ganz wunderbare Mischung, die das sch\u00f6ne Bistro in der Untergasse so sicher noch nie erlebt hat.<\/p>\n<p>Dort kann man Fotografien und Gedichte noch bis zum kommenden Sonntag von 11 bis 14 und von 17 bis 20 Uhr anschauen.<\/p>\n","protected":false},"excerpt":{"rendered":"<div class=\"tmnf_excerpt\"><p>Es ist eine kleine, sehr feine Ausstellung, die der Alsfelder Fotograf Bodo Runte anl\u00e4sslich der 4. Alsfelder Kulturtage im Bistrinna in der Untergasse zeigt: Sieben Fotografien, Aufnahmen ganz besonderer Fundst\u00fccke in einer Stumpertenroder Scheune. Dort inspirierte den K\u00fcnstler eine Reihe Schaufensterpuppen zu einer Fotoserie. Mehr oder weniger vollst\u00e4ndig waren die gefunden Objekte, sodass die genaue &hellip;<\/p>\n<\/div>","protected":false},"author":1,"featured_media":163362,"comment_status":"closed","ping_status":"closed","sticky":false,"template":"","format":"gallery","meta":{"footnotes":""},"categories":[1],"tags":[],"class_list":["post-163353","post","type-post","status-publish","format-gallery","has-post-thumbnail","hentry","category-startseite","post_format-post-format-gallery"],"_links":{"self":[{"href":"https:\/\/www.fuldaernachrichten.de\/index.php?rest_route=\/wp\/v2\/posts\/163353","targetHints":{"allow":["GET"]}}],"collection":[{"href":"https:\/\/www.fuldaernachrichten.de\/index.php?rest_route=\/wp\/v2\/posts"}],"about":[{"href":"https:\/\/www.fuldaernachrichten.de\/index.php?rest_route=\/wp\/v2\/types\/post"}],"author":[{"embeddable":true,"href":"https:\/\/www.fuldaernachrichten.de\/index.php?rest_route=\/wp\/v2\/users\/1"}],"replies":[{"embeddable":true,"href":"https:\/\/www.fuldaernachrichten.de\/index.php?rest_route=%2Fwp%2Fv2%2Fcomments&post=163353"}],"version-history":[{"count":1,"href":"https:\/\/www.fuldaernachrichten.de\/index.php?rest_route=\/wp\/v2\/posts\/163353\/revisions"}],"predecessor-version":[{"id":163371,"href":"https:\/\/www.fuldaernachrichten.de\/index.php?rest_route=\/wp\/v2\/posts\/163353\/revisions\/163371"}],"wp:featuredmedia":[{"embeddable":true,"href":"https:\/\/www.fuldaernachrichten.de\/index.php?rest_route=\/wp\/v2\/media\/163362"}],"wp:attachment":[{"href":"https:\/\/www.fuldaernachrichten.de\/index.php?rest_route=%2Fwp%2Fv2%2Fmedia&parent=163353"}],"wp:term":[{"taxonomy":"category","embeddable":true,"href":"https:\/\/www.fuldaernachrichten.de\/index.php?rest_route=%2Fwp%2Fv2%2Fcategories&post=163353"},{"taxonomy":"post_tag","embeddable":true,"href":"https:\/\/www.fuldaernachrichten.de\/index.php?rest_route=%2Fwp%2Fv2%2Ftags&post=163353"}],"curies":[{"name":"wp","href":"https:\/\/api.w.org\/{rel}","templated":true}]}}