{"id":163344,"date":"2017-05-21T09:41:45","date_gmt":"2017-05-21T07:41:45","guid":{"rendered":"http:\/\/www.fuldaer-nachrichten.de\/?p=163344"},"modified":"2017-05-21T09:41:45","modified_gmt":"2017-05-21T07:41:45","slug":"hessische-mit-waehlt-neue-fuehrungsspitze-2","status":"publish","type":"post","link":"https:\/\/www.fuldaernachrichten.de\/?p=163344","title":{"rendered":"Hessische MIT w\u00e4hlt neue F\u00fchrungsspitze"},"content":{"rendered":"<p>Auf dem Landesmittelstandstag der Mittelstands- und Wirtschaftsvereinigung der CDU Hessen (MIT)in Langen wurde der  der 41-j\u00e4hrige Marco Reuter (Weilm\u00fcnster)   mit 97  % der abgegebenen Stimmen als Landesvorsitzender gew\u00e4hlt. Er folgt auf Frank Hartmann (Petersberg) der nach 6 Jahren nicht mehr kandidierte.<\/p>\n<p>Zu stellvertretenden Landesvorsitzenden wurden Anke Bernecke-Kaus (Frankfurt), J\u00fcrgen Diener (Fulda), Elke Jesinghausen (Waldeck-Frankenberg), Volker Rode (Main-Kinzig) und Dr. Reinhard V\u00f6lker (Wiesbaden) gew\u00e4hlt. Zu Pr\u00e4sidiumsmitgliedern wurden Oliver Roeder (Bergstra\u00dfe) und Claus Ullrich (Fulda) gew\u00e4hlt.<\/p>\n<p>Der  Hessische Staatsminister des Innern und f\u00fcr Sport, Peter Beuth MdL sprach zum Thema: \u201eInnere, \u00e4u\u00dfere und soziale Sicherheit \u2013 Kernkompetenzen der Union\u201c. Er konnte an Hand praktischer Beispiele darstellen, dass Hessen zu den sichersten Bundesl\u00e4ndern  in Deutschland geh\u00f6rt.<\/p>\n<p>In der \u201eLangener Erkl\u00e4rung\u201c, die einm\u00fctig von den Delegierten des Landesmittelstandstages verabschiedet wurde, lehnt die MIT Hessen u. a. eine Politik ab, die insbesondere die H\u00e4ufung von B\u00fcrokratisierungs- und anderen Bevormundungsma\u00dfnahmen zu Lasten des Mittelstandes vorantreibt. Diese sind leistungsfeindlich, greifen in das Eigentum ein und bedrohen die Zukunft des Mittelstandes, damit zahlreiche Arbeitspl\u00e4tze und die damit verbundene soziale Sicherheit.<br \/>\nAufgrund eines Antrages des MIT-Kreisverbandes Offenbach-Land spricht sich die MIT Hessen f\u00fcr die Beibehaltung der Abgeltungssteuer aus. Die Abgeltungssteuer ist eine wirkungsvolle Steuervereinfachung und eine besonders sp\u00fcrbare Ma\u00dfnahme zum B\u00fcrokratieabbau und macht die weit verbreitete Steuerflucht bei Kapitaleink\u00fcnften unattraktiv.<br \/>\nReuter forderte von einer CDU\/CSU gef\u00fchrten Bundesregierung, das Steuersystem leistungsfreundlicher zu gestalten und jegliche zus\u00e4tzliche Steuerbelastung von B\u00fcrgern und Unternehmen zu vermeiden.<\/p>\n","protected":false},"excerpt":{"rendered":"<div class=\"tmnf_excerpt\"><p>Auf dem Landesmittelstandstag der Mittelstands- und Wirtschaftsvereinigung der CDU Hessen (MIT)in Langen wurde der der 41-j\u00e4hrige Marco Reuter (Weilm\u00fcnster) mit 97 % der abgegebenen Stimmen als Landesvorsitzender gew\u00e4hlt. Er folgt auf Frank Hartmann (Petersberg) der nach 6 Jahren nicht mehr kandidierte. Zu stellvertretenden Landesvorsitzenden wurden Anke Bernecke-Kaus (Frankfurt), J\u00fcrgen Diener (Fulda), Elke Jesinghausen (Waldeck-Frankenberg), Volker &hellip;<\/p>\n<\/div>","protected":false},"author":1,"featured_media":0,"comment_status":"closed","ping_status":"closed","sticky":false,"template":"","format":"standard","meta":{"footnotes":""},"categories":[1],"tags":[],"class_list":["post-163344","post","type-post","status-publish","format-standard","hentry","category-startseite"],"_links":{"self":[{"href":"https:\/\/www.fuldaernachrichten.de\/index.php?rest_route=\/wp\/v2\/posts\/163344","targetHints":{"allow":["GET"]}}],"collection":[{"href":"https:\/\/www.fuldaernachrichten.de\/index.php?rest_route=\/wp\/v2\/posts"}],"about":[{"href":"https:\/\/www.fuldaernachrichten.de\/index.php?rest_route=\/wp\/v2\/types\/post"}],"author":[{"embeddable":true,"href":"https:\/\/www.fuldaernachrichten.de\/index.php?rest_route=\/wp\/v2\/users\/1"}],"replies":[{"embeddable":true,"href":"https:\/\/www.fuldaernachrichten.de\/index.php?rest_route=%2Fwp%2Fv2%2Fcomments&post=163344"}],"version-history":[{"count":1,"href":"https:\/\/www.fuldaernachrichten.de\/index.php?rest_route=\/wp\/v2\/posts\/163344\/revisions"}],"predecessor-version":[{"id":163347,"href":"https:\/\/www.fuldaernachrichten.de\/index.php?rest_route=\/wp\/v2\/posts\/163344\/revisions\/163347"}],"wp:attachment":[{"href":"https:\/\/www.fuldaernachrichten.de\/index.php?rest_route=%2Fwp%2Fv2%2Fmedia&parent=163344"}],"wp:term":[{"taxonomy":"category","embeddable":true,"href":"https:\/\/www.fuldaernachrichten.de\/index.php?rest_route=%2Fwp%2Fv2%2Fcategories&post=163344"},{"taxonomy":"post_tag","embeddable":true,"href":"https:\/\/www.fuldaernachrichten.de\/index.php?rest_route=%2Fwp%2Fv2%2Ftags&post=163344"}],"curies":[{"name":"wp","href":"https:\/\/api.w.org\/{rel}","templated":true}]}}