{"id":163342,"date":"2017-05-21T09:40:55","date_gmt":"2017-05-21T07:40:55","guid":{"rendered":"http:\/\/www.fuldaer-nachrichten.de\/?p=163342"},"modified":"2017-05-21T09:40:55","modified_gmt":"2017-05-21T07:40:55","slug":"sanierungsmassnahmen-in-schulgebaeuden-beschlossen","status":"publish","type":"post","link":"https:\/\/www.fuldaernachrichten.de\/?p=163342","title":{"rendered":"Sanierungsma\u00dfnahmen in Schulgeb\u00e4uden beschlossen"},"content":{"rendered":"<p>Der Kreisausschuss hat weitere Sanierungsma\u00dfnahmen an Schulen in Tr\u00e4gerschaft des Landkreises beschlossen, \u00fcber deren Vergabe in der letzten Sitzung entschieden wurde. Bei einigen Ma\u00dfnahmen erfolgt eine anteilige Finanzierung aus dem kommunalen Investitionsprogramm.<\/p>\n<p>Dies betrifft beispielsweise die Erneuerung der L\u00fcftungszentrale der Von-Galen-Schule in Eichenzell einschlie\u00dflich Brandschutzert\u00fcchtigungen f\u00fcr 450.000 Euro sowie eine Teilerneuerung der Heizzentrale der Winfriedschule in Fulda einschlie\u00dflich Warmwasserbereitung f\u00fcr 331.800 Euro. Bei der grundlegenden Sanierung der Fliedetalschule in Flieden wurden f\u00fcr 133.800 Euro Dachdichtungs- und f\u00fcr 38.600 Euro landschaftsg\u00e4rtnerische Arbeiten vergeben. F\u00fcr 108.700 Euro wird der Chemiebereich der Konrad-Zuse-Schul in H\u00fcnfeld erneuert. Bei der Mittelpunktschule in Hilders werden f\u00fcr 52.800 Euro die Fenster und Au\u00dfent\u00fcren ausgetauscht sowie ein au\u00dfenliegender Sonnenschutz angebracht. Im Zuge des Einbaus einer neuen Fu\u00dfbodenheizung bei der Turnhalle der Grundschule in R\u00fcckers muss f\u00fcr 35.200 Euro der Sportboden erneuert werden. Die Turnhalle der Grundschule in Eiterfeld erh\u00e4lt ebenfalls einen neuen Schwingboden. Auch m\u00fcssen dort die Sanit\u00e4rr\u00e4ume saniert werden. F\u00fcr 28.800 Euro wurden die notwendigen Abbrucharbeiten vergeben.<\/p>\n","protected":false},"excerpt":{"rendered":"<div class=\"tmnf_excerpt\"><p>Der Kreisausschuss hat weitere Sanierungsma\u00dfnahmen an Schulen in Tr\u00e4gerschaft des Landkreises beschlossen, \u00fcber deren Vergabe in der letzten Sitzung entschieden wurde. Bei einigen Ma\u00dfnahmen erfolgt eine anteilige Finanzierung aus dem kommunalen Investitionsprogramm. Dies betrifft beispielsweise die Erneuerung der L\u00fcftungszentrale der Von-Galen-Schule in Eichenzell einschlie\u00dflich Brandschutzert\u00fcchtigungen f\u00fcr 450.000 Euro sowie eine Teilerneuerung der Heizzentrale der Winfriedschule &hellip;<\/p>\n<\/div>","protected":false},"author":1,"featured_media":0,"comment_status":"closed","ping_status":"closed","sticky":false,"template":"","format":"standard","meta":{"footnotes":""},"categories":[1],"tags":[],"class_list":["post-163342","post","type-post","status-publish","format-standard","hentry","category-startseite"],"_links":{"self":[{"href":"https:\/\/www.fuldaernachrichten.de\/index.php?rest_route=\/wp\/v2\/posts\/163342","targetHints":{"allow":["GET"]}}],"collection":[{"href":"https:\/\/www.fuldaernachrichten.de\/index.php?rest_route=\/wp\/v2\/posts"}],"about":[{"href":"https:\/\/www.fuldaernachrichten.de\/index.php?rest_route=\/wp\/v2\/types\/post"}],"author":[{"embeddable":true,"href":"https:\/\/www.fuldaernachrichten.de\/index.php?rest_route=\/wp\/v2\/users\/1"}],"replies":[{"embeddable":true,"href":"https:\/\/www.fuldaernachrichten.de\/index.php?rest_route=%2Fwp%2Fv2%2Fcomments&post=163342"}],"version-history":[{"count":1,"href":"https:\/\/www.fuldaernachrichten.de\/index.php?rest_route=\/wp\/v2\/posts\/163342\/revisions"}],"predecessor-version":[{"id":163345,"href":"https:\/\/www.fuldaernachrichten.de\/index.php?rest_route=\/wp\/v2\/posts\/163342\/revisions\/163345"}],"wp:attachment":[{"href":"https:\/\/www.fuldaernachrichten.de\/index.php?rest_route=%2Fwp%2Fv2%2Fmedia&parent=163342"}],"wp:term":[{"taxonomy":"category","embeddable":true,"href":"https:\/\/www.fuldaernachrichten.de\/index.php?rest_route=%2Fwp%2Fv2%2Fcategories&post=163342"},{"taxonomy":"post_tag","embeddable":true,"href":"https:\/\/www.fuldaernachrichten.de\/index.php?rest_route=%2Fwp%2Fv2%2Ftags&post=163342"}],"curies":[{"name":"wp","href":"https:\/\/api.w.org\/{rel}","templated":true}]}}