{"id":163341,"date":"2017-05-21T09:40:37","date_gmt":"2017-05-21T07:40:37","guid":{"rendered":"http:\/\/www.fuldaer-nachrichten.de\/?p=163341"},"modified":"2017-05-21T09:40:37","modified_gmt":"2017-05-21T07:40:37","slug":"interesse-an-hausaufgaben-wecken","status":"publish","type":"post","link":"https:\/\/www.fuldaernachrichten.de\/?p=163341","title":{"rendered":"Interesse an Hausaufgaben wecken"},"content":{"rendered":"<p>Wenn die Hausaufgaben und das Lernen zur t\u00e4glichen Qual werden, w\u00fcnscht man sich Erleichterung und Hilfe. Bei einem Vortrag der Volkshochschule des Landkreises Fulda, der am Mittwoch, 31. Mai, um 19 Uhr im Georg-Stieler-Haus, Gallasiniring 1, in Fulda beginnt, erfahren Interessenten, wie die Evolutionsp\u00e4dagogik bei Kindern Interesse an Hausaufgaben wecken kann (auch als Online-Vortrag m\u00f6glich). Infos und Anmeldung mit Kursnummer VO1060140 unter www.vhs-fulda.de oder telefonisch beim B\u00fcrgerservice (0661)6006-1600.<\/p>\n","protected":false},"excerpt":{"rendered":"<div class=\"tmnf_excerpt\"><p>Wenn die Hausaufgaben und das Lernen zur t\u00e4glichen Qual werden, w\u00fcnscht man sich Erleichterung und Hilfe. Bei einem Vortrag der Volkshochschule des Landkreises Fulda, der am Mittwoch, 31. Mai, um 19 Uhr im Georg-Stieler-Haus, Gallasiniring 1, in Fulda beginnt, erfahren Interessenten, wie die Evolutionsp\u00e4dagogik bei Kindern Interesse an Hausaufgaben wecken kann (auch als Online-Vortrag m\u00f6glich). &hellip;<\/p>\n<\/div>","protected":false},"author":1,"featured_media":0,"comment_status":"closed","ping_status":"closed","sticky":false,"template":"","format":"standard","meta":{"footnotes":""},"categories":[1],"tags":[],"class_list":["post-163341","post","type-post","status-publish","format-standard","hentry","category-startseite"],"_links":{"self":[{"href":"https:\/\/www.fuldaernachrichten.de\/index.php?rest_route=\/wp\/v2\/posts\/163341","targetHints":{"allow":["GET"]}}],"collection":[{"href":"https:\/\/www.fuldaernachrichten.de\/index.php?rest_route=\/wp\/v2\/posts"}],"about":[{"href":"https:\/\/www.fuldaernachrichten.de\/index.php?rest_route=\/wp\/v2\/types\/post"}],"author":[{"embeddable":true,"href":"https:\/\/www.fuldaernachrichten.de\/index.php?rest_route=\/wp\/v2\/users\/1"}],"replies":[{"embeddable":true,"href":"https:\/\/www.fuldaernachrichten.de\/index.php?rest_route=%2Fwp%2Fv2%2Fcomments&post=163341"}],"version-history":[{"count":1,"href":"https:\/\/www.fuldaernachrichten.de\/index.php?rest_route=\/wp\/v2\/posts\/163341\/revisions"}],"predecessor-version":[{"id":163343,"href":"https:\/\/www.fuldaernachrichten.de\/index.php?rest_route=\/wp\/v2\/posts\/163341\/revisions\/163343"}],"wp:attachment":[{"href":"https:\/\/www.fuldaernachrichten.de\/index.php?rest_route=%2Fwp%2Fv2%2Fmedia&parent=163341"}],"wp:term":[{"taxonomy":"category","embeddable":true,"href":"https:\/\/www.fuldaernachrichten.de\/index.php?rest_route=%2Fwp%2Fv2%2Fcategories&post=163341"},{"taxonomy":"post_tag","embeddable":true,"href":"https:\/\/www.fuldaernachrichten.de\/index.php?rest_route=%2Fwp%2Fv2%2Ftags&post=163341"}],"curies":[{"name":"wp","href":"https:\/\/api.w.org\/{rel}","templated":true}]}}