{"id":163335,"date":"2017-05-19T18:52:03","date_gmt":"2017-05-19T16:52:03","guid":{"rendered":"http:\/\/www.fuldaer-nachrichten.de\/?p=163335"},"modified":"2017-05-19T18:52:03","modified_gmt":"2017-05-19T16:52:03","slug":"bonifatius-figur-fuer-berliner-reichstag-erstmals-in-fulda-vortrag-und-ausstellung","status":"publish","type":"post","link":"https:\/\/www.fuldaernachrichten.de\/?p=163335","title":{"rendered":"Bonifatius-Figur f\u00fcr Berliner Reichstag erstmals in Fulda Vortrag und Ausstellung"},"content":{"rendered":"<p><a href=\"http:\/\/www.fuldaer-nachrichten.de\/wp-content\/uploads\/2017\/05\/Bonifatius-mott-8x.jpg\"><img fetchpriority=\"high\" decoding=\"async\" src=\"http:\/\/www.fuldaer-nachrichten.de\/wp-content\/uploads\/2017\/05\/Bonifatius-mott-8x-265x453.jpg\" alt=\"\" width=\"265\" height=\"453\" class=\"alignleft size-thumbnail wp-image-163339\" srcset=\"https:\/\/www.fuldaernachrichten.de\/wp-content\/uploads\/2017\/05\/Bonifatius-mott-8x-265x453.jpg 265w, https:\/\/www.fuldaernachrichten.de\/wp-content\/uploads\/2017\/05\/Bonifatius-mott-8x-155x265.jpg 155w, https:\/\/www.fuldaernachrichten.de\/wp-content\/uploads\/2017\/05\/Bonifatius-mott-8x-768x1312.jpg 768w, https:\/\/www.fuldaernachrichten.de\/wp-content\/uploads\/2017\/05\/Bonifatius-mott-8x-351x600.jpg 351w, https:\/\/www.fuldaernachrichten.de\/wp-content\/uploads\/2017\/05\/Bonifatius-mott-8x.jpg 900w\" sizes=\"(max-width: 265px) 100vw, 265px\" \/><\/a>Martin Luther, Otto I. und Bonifatius \u2013 was heute wie eine merkw\u00fcrdige Reihung aussieht, war urspr\u00fcnglich Teil eines Ensembles von zw\u00f6lf Bronzefiguren, die im Berliner Reichstag ihren Platz hatten. Dort zierten n\u00e4mlich Pers\u00f6nlichkeiten, die f\u00fcr das Deutsche Reich vom Mittelalter bis zur fr\u00fchen Neuzeit Bedeutung hatten, einen fast acht Meter gro\u00dfen Ringleuchter. Unter ihnen eine Bonifatiusfigur, die seit 2016 zur Sammlung des Deutschen Bundestages geh\u00f6rt und nun erstmals nach Fulda kommt. Grund genug, dieses Ereignis geb\u00fchrend zu feiern:<\/p>\n<p>Den Auftakt macht am Montag, 22. Mai, um 19.30 Uhr ein Vortrag im Auditorium Maximum der Theologischen Fakult\u00e4t, in dem der Kurator der Kunstsammlung des Deutschen Bundestags, Dr. Andreas Kaernbach, erl\u00e4utern wird, wie die Bonifatiusfigur \u00fcberhaupt in den deutschen Reichstag kam. Die Veranstaltung findet in Kooperation des Bistums Fulda und des Fuldaer Geschichtsvereins statt.<\/p>\n<p>F\u00fcr die \u00d6ffentlichkeit wird die bronzene Bonifatiusfigur ab Dienstag, 23. Mai, im Dommuseum Fulda voraussichtlich ab dem 18. Juni im Vonderau-Museum zu sehen sein.<\/p>\n<p>Die Geschichte der Bronzefigur wirkt atemberaubend: Der Leuchter, auf dem sich die Figur befand, wurde rechtzeitig zur Er\u00f6ffnung des Reichstags im Jahr 1894 fertiggestellt. Als 1933 der Reichstag brannte, blieb der Leuchter unbesch\u00e4digt. Wie vielerorts diverse Plastiken und Kirchenglocken sollte auch der Leuchter mit den Bronzefiguren w\u00e4hrend des Zweiten Weltkriegs eingeschmolzen und f\u00fcr Kriegszwecke verwendet werden. Dass die zw\u00f6lf Bronzefiguren dieses Schicksal nicht teilten, ist Mitarbeitern des Schmelzwerks zu verdanken, die die Figuren in einer Kiesgrube versteckten. Zwischen 1982 und 1995 befanden sich die Figuren wieder im Berliner Reichstag, lagen danach aber die meiste Zeit in einem Depot. Dem Fuldaer Heimatforscher Michael Mott und dem Fuldaer Bundestagsabgeordneten Michael Brand ist es zu verdanken, dass die Figur nun in Fulda ausgestellt werden kann.<\/p>\n","protected":false},"excerpt":{"rendered":"<div class=\"tmnf_excerpt\"><p>Martin Luther, Otto I. und Bonifatius \u2013 was heute wie eine merkw\u00fcrdige Reihung aussieht, war urspr\u00fcnglich Teil eines Ensembles von zw\u00f6lf Bronzefiguren, die im Berliner Reichstag ihren Platz hatten. Dort zierten n\u00e4mlich Pers\u00f6nlichkeiten, die f\u00fcr das Deutsche Reich vom Mittelalter bis zur fr\u00fchen Neuzeit Bedeutung hatten, einen fast acht Meter gro\u00dfen Ringleuchter. Unter ihnen eine &hellip;<\/p>\n<\/div>","protected":false},"author":1,"featured_media":163338,"comment_status":"closed","ping_status":"closed","sticky":false,"template":"","format":"standard","meta":{"footnotes":""},"categories":[1],"tags":[],"class_list":["post-163335","post","type-post","status-publish","format-standard","has-post-thumbnail","hentry","category-startseite"],"_links":{"self":[{"href":"https:\/\/www.fuldaernachrichten.de\/index.php?rest_route=\/wp\/v2\/posts\/163335","targetHints":{"allow":["GET"]}}],"collection":[{"href":"https:\/\/www.fuldaernachrichten.de\/index.php?rest_route=\/wp\/v2\/posts"}],"about":[{"href":"https:\/\/www.fuldaernachrichten.de\/index.php?rest_route=\/wp\/v2\/types\/post"}],"author":[{"embeddable":true,"href":"https:\/\/www.fuldaernachrichten.de\/index.php?rest_route=\/wp\/v2\/users\/1"}],"replies":[{"embeddable":true,"href":"https:\/\/www.fuldaernachrichten.de\/index.php?rest_route=%2Fwp%2Fv2%2Fcomments&post=163335"}],"version-history":[{"count":1,"href":"https:\/\/www.fuldaernachrichten.de\/index.php?rest_route=\/wp\/v2\/posts\/163335\/revisions"}],"predecessor-version":[{"id":163340,"href":"https:\/\/www.fuldaernachrichten.de\/index.php?rest_route=\/wp\/v2\/posts\/163335\/revisions\/163340"}],"wp:featuredmedia":[{"embeddable":true,"href":"https:\/\/www.fuldaernachrichten.de\/index.php?rest_route=\/wp\/v2\/media\/163338"}],"wp:attachment":[{"href":"https:\/\/www.fuldaernachrichten.de\/index.php?rest_route=%2Fwp%2Fv2%2Fmedia&parent=163335"}],"wp:term":[{"taxonomy":"category","embeddable":true,"href":"https:\/\/www.fuldaernachrichten.de\/index.php?rest_route=%2Fwp%2Fv2%2Fcategories&post=163335"},{"taxonomy":"post_tag","embeddable":true,"href":"https:\/\/www.fuldaernachrichten.de\/index.php?rest_route=%2Fwp%2Fv2%2Ftags&post=163335"}],"curies":[{"name":"wp","href":"https:\/\/api.w.org\/{rel}","templated":true}]}}