{"id":163318,"date":"2017-05-19T18:49:34","date_gmt":"2017-05-19T16:49:34","guid":{"rendered":"http:\/\/www.fuldaer-nachrichten.de\/?p=163318"},"modified":"2017-05-19T18:49:34","modified_gmt":"2017-05-19T16:49:34","slug":"sportabzeichen-coach-gesucht","status":"publish","type":"post","link":"https:\/\/www.fuldaernachrichten.de\/?p=163318","title":{"rendered":"Sportabzeichen-Coach gesucht"},"content":{"rendered":"<p>Sportkreis Fulda-H\u00fcnfeld: Sebastian Reese aus Wiesbaden referiert beim Sportabzeichen-Basis-Lehrgang<\/p>\n<p>Im Sportkreis Fulda-H\u00fcnfeld wurden im vergangenen Jahr sage und schreibe 8.385 Sportabzeichen von 276 Pr\u00fcferinnen und Pr\u00fcfern abgenommen. Eine Mammutaufgabe, die einen au\u00dferordentlichen Einsatz erforderlich gemacht hat.<\/p>\n<p>Damit die Abnahme in den St\u00fctzpunkten auch k\u00fcnftig sichergestellt und die heutigen Pr\u00fcferinnen und Pr\u00fcfer entlastet werden k\u00f6nnen, hat die Sportabzeichenbeauftragte des Sportkreises Fulda-H\u00fcnfeld, Elke Piaskowski, auch in diesem Jahr wieder einen dezentralen Sportabzeichen-Basis-Lehrgang in Fulda organisiert. Insgesamt 14 Teilnehmer\/innen waren dabei und absolvierten die Fortbildung mit 16 Unterrichtseinheiten in Theorie und Praxis.<\/p>\n<p>Geschult wurde das osthessische Team von Sebastian Reese, einem Referenten des Lehrteams um Brigitte Ebers, der Bereichsleiterin Familie und Sport und Deutsches Sportabzeichen des LSB Hessen.<\/p>\n<p>Der Lehrgang war vollumf\u00e4nglich an die neuen Ausbildungsvorgaben des DOSB angelehnt. Ziel der neuen Ausbildungsvorgaben ist es, nicht nur Pr\u00fcfer auszubilden, sondern Sportabzeichen-Coaches zu entwickeln, die das Deutsche Sportabzeichen weiter vorantreiben. Daf\u00fcr mussten alle Beteiligten eine Stellenausschreibung entwickeln.<\/p>\n<p>Nachdem der Pr\u00fcfungswegweiser in der BGS-Halle theoretisch geschult war, ging es auf den Sportplatz und ins Hallenbad. Sebastian Reese zeigte alle sportlichen und me\u00dftechnischen Besonderheiten der \u00dcbungen auf, dann mussten die Neuen ran. Gekonnt hatte Reese Theorie und Praxis miteinander verbunden.<\/p>\n<p>Die Bilanz und das Feed-Back waren eindeutig. Sebastian Reese konnte 14 neuen \u201eSportabzeichen-Coaches\u201c eine erfolgreiche Teilnahme bescheinigen und die Lizenz-Antr\u00e4ge an das Team von Brigitte Ebers leiten. Alle Teilnehmer\/innen hatten viel Spa\u00df und beurteilten sich in der Schlussfrage bestens in Bezug auf das Erlernte und die Anwendung als Sportabzeichen-Coach. Besonderes Lob fand die dezentrale Ausbildung, die Kosten und Zeit f\u00fcr die Teilnehmer\/innen spart. Einige w\u00fcrden gern in \u00e4hnlicher Weise die Berechtigung f\u00fcr Radfahren und Turnen erwerben.<\/p>\n<p>Die n\u00e4chste Fortbildung des Sportkreises Fulda-H\u00fcnfeld in Zusammenarbeit mit dem Landkreis Fulda \u201eFunctional \u2013Training \u2013 update gef\u00e4llig?\u201c mit dem Physiotherapeut Michael Franz findet am 03. Juni 2017 statt. Interessenten k\u00f6nnen sich direkt beim Landkreis Fulda treffpunkt-aktiv@landkreis-fulda.de anmelden. Weitere Fortbildungsangebote und Informationen finden sie unter www.sportkreis-fulda-huenfeld.de.<\/p>\n","protected":false},"excerpt":{"rendered":"<div class=\"tmnf_excerpt\"><p>Sportkreis Fulda-H\u00fcnfeld: Sebastian Reese aus Wiesbaden referiert beim Sportabzeichen-Basis-Lehrgang Im Sportkreis Fulda-H\u00fcnfeld wurden im vergangenen Jahr sage und schreibe 8.385 Sportabzeichen von 276 Pr\u00fcferinnen und Pr\u00fcfern abgenommen. Eine Mammutaufgabe, die einen au\u00dferordentlichen Einsatz erforderlich gemacht hat. Damit die Abnahme in den St\u00fctzpunkten auch k\u00fcnftig sichergestellt und die heutigen Pr\u00fcferinnen und Pr\u00fcfer entlastet werden k\u00f6nnen, hat &hellip;<\/p>\n<\/div>","protected":false},"author":1,"featured_media":163323,"comment_status":"closed","ping_status":"closed","sticky":false,"template":"","format":"gallery","meta":{"footnotes":""},"categories":[1],"tags":[],"class_list":["post-163318","post","type-post","status-publish","format-gallery","has-post-thumbnail","hentry","category-startseite","post_format-post-format-gallery"],"_links":{"self":[{"href":"https:\/\/www.fuldaernachrichten.de\/index.php?rest_route=\/wp\/v2\/posts\/163318","targetHints":{"allow":["GET"]}}],"collection":[{"href":"https:\/\/www.fuldaernachrichten.de\/index.php?rest_route=\/wp\/v2\/posts"}],"about":[{"href":"https:\/\/www.fuldaernachrichten.de\/index.php?rest_route=\/wp\/v2\/types\/post"}],"author":[{"embeddable":true,"href":"https:\/\/www.fuldaernachrichten.de\/index.php?rest_route=\/wp\/v2\/users\/1"}],"replies":[{"embeddable":true,"href":"https:\/\/www.fuldaernachrichten.de\/index.php?rest_route=%2Fwp%2Fv2%2Fcomments&post=163318"}],"version-history":[{"count":1,"href":"https:\/\/www.fuldaernachrichten.de\/index.php?rest_route=\/wp\/v2\/posts\/163318\/revisions"}],"predecessor-version":[{"id":163328,"href":"https:\/\/www.fuldaernachrichten.de\/index.php?rest_route=\/wp\/v2\/posts\/163318\/revisions\/163328"}],"wp:featuredmedia":[{"embeddable":true,"href":"https:\/\/www.fuldaernachrichten.de\/index.php?rest_route=\/wp\/v2\/media\/163323"}],"wp:attachment":[{"href":"https:\/\/www.fuldaernachrichten.de\/index.php?rest_route=%2Fwp%2Fv2%2Fmedia&parent=163318"}],"wp:term":[{"taxonomy":"category","embeddable":true,"href":"https:\/\/www.fuldaernachrichten.de\/index.php?rest_route=%2Fwp%2Fv2%2Fcategories&post=163318"},{"taxonomy":"post_tag","embeddable":true,"href":"https:\/\/www.fuldaernachrichten.de\/index.php?rest_route=%2Fwp%2Fv2%2Ftags&post=163318"}],"curies":[{"name":"wp","href":"https:\/\/api.w.org\/{rel}","templated":true}]}}