{"id":163315,"date":"2017-05-19T18:49:14","date_gmt":"2017-05-19T16:49:14","guid":{"rendered":"http:\/\/www.fuldaer-nachrichten.de\/?p=163315"},"modified":"2017-05-19T18:49:14","modified_gmt":"2017-05-19T16:49:14","slug":"aktuelles-projekt-juedisch-christliches-musikerbe","status":"publish","type":"post","link":"https:\/\/www.fuldaernachrichten.de\/?p=163315","title":{"rendered":"Aktuelles Projekt: J\u00fcdisch-christliches Musikerbe"},"content":{"rendered":"<p>\u201e3 Proben, 2 Auftritte, 1malig\u201c lautet das Schlagwort, mit dem der Tanner Kantor Thomas N\u00fcdling zum Mitmachen bei einem Chorprojekt einl\u00e4dt. Angesprochen sind M\u00e4nner, Frauen, Alt und Jung, erfahrene S\u00e4nger und solche, die das Singen im Chor einfach mal probieren m\u00f6chten. <\/p>\n<p>W\u00e4hrend vergangene Woche in den \u201eKreisseiten\u201c von den Nachwuchssorgen heimischer M\u00e4nnerch\u00f6re die Rede war, findet der Projektchor regen Zulauf: Von \u201eeinmalig\u201c kann l\u00e4ngst nicht mehr die Rede sein, vielmehr geht das im Januar 2012 urspr\u00fcnglich als Versuch gestartete Vorhaben nun in die elfte Runde und hat die Teilnehmerzahl seitdem kontinuierlich gesteigert: von urspr\u00fcnglich 30 auf zuletzt 90 S\u00e4ngerinnen und S\u00e4nger. Nicht wenige davon, auch aus Fulda und verschiedenen Gemeinden des Landkreises, halten dem Chor von Anfang an die Treue. Der Initiator erkl\u00e4rt sich den Erfolg zum einen mit dem \u00fcberschaubaren Aufwand f\u00fcr den einzelnen Teilnehmer und zum anderen mit dem attraktiven Programm.<\/p>\n<p>\u201eDas j\u00fcngste Projekt Herzt\u00f6ne war inhaltlich ungemein ansprechend; der katholische Pfarrer und die evangelische Pfarrerin hatten das Thema geweitet und mit neuen Facetten f\u00fcr Aha-Effekte gesorgt\u201c, schw\u00e4rmt N\u00fcdling. Auch vom aktuellen Thema \u201eSchalom\u201c verspricht er sich, dass Mitwirkende und Publikum emotional ber\u00fchrt werden. Die hebr\u00e4ische Begr\u00fc\u00dfungsformel bedeutet  neben Frieden auch Heil, Wohlergehen, Erl\u00f6sung und Freude. Den Impuls hierf\u00fcr erhielt der Musiklehrer w\u00e4hrend einer Studienreise des Bistums Fulda nach Israel mit kirchenmusikalischem Schwerpunkt. Ihn freut, dass diese Spurensuche nach christlich-j\u00fcdischem Musikerbe zeitlich mit der Ausstellung der Stadt und des Kultur- und Geschichtsvereins Tann \u00fcber Juden in der Rh\u00f6n zusammenf\u00e4llt. <\/p>\n<p>Wer neugierig geworden ist, ist zu den Proben am 11., 18. und 25. Juni von 18.30 bis 19.45 Uhr in der Stadtkirche Tann eingeladen. Daran schlie\u00dft sich die Gestaltung zweier Gottesdienste an: ein katholischer am Samstag, 1. Juli, um 17.30 Uhr in Langenbieber und ein evangelischer am Sonntag, 2. Juli, um 10 Uhr in der Tanner Stadtkirche.<\/p>\n<p>Weitere Informationen erteilt Susanna Leubecher, Telefon (06682)8966, Email DerChor@gmx.de.<\/p>\n","protected":false},"excerpt":{"rendered":"<div class=\"tmnf_excerpt\"><p>\u201e3 Proben, 2 Auftritte, 1malig\u201c lautet das Schlagwort, mit dem der Tanner Kantor Thomas N\u00fcdling zum Mitmachen bei einem Chorprojekt einl\u00e4dt. Angesprochen sind M\u00e4nner, Frauen, Alt und Jung, erfahrene S\u00e4nger und solche, die das Singen im Chor einfach mal probieren m\u00f6chten. W\u00e4hrend vergangene Woche in den \u201eKreisseiten\u201c von den Nachwuchssorgen heimischer M\u00e4nnerch\u00f6re die Rede war, &hellip;<\/p>\n<\/div>","protected":false},"author":1,"featured_media":163320,"comment_status":"closed","ping_status":"closed","sticky":false,"template":"","format":"standard","meta":{"footnotes":""},"categories":[1],"tags":[],"class_list":["post-163315","post","type-post","status-publish","format-standard","has-post-thumbnail","hentry","category-startseite"],"_links":{"self":[{"href":"https:\/\/www.fuldaernachrichten.de\/index.php?rest_route=\/wp\/v2\/posts\/163315","targetHints":{"allow":["GET"]}}],"collection":[{"href":"https:\/\/www.fuldaernachrichten.de\/index.php?rest_route=\/wp\/v2\/posts"}],"about":[{"href":"https:\/\/www.fuldaernachrichten.de\/index.php?rest_route=\/wp\/v2\/types\/post"}],"author":[{"embeddable":true,"href":"https:\/\/www.fuldaernachrichten.de\/index.php?rest_route=\/wp\/v2\/users\/1"}],"replies":[{"embeddable":true,"href":"https:\/\/www.fuldaernachrichten.de\/index.php?rest_route=%2Fwp%2Fv2%2Fcomments&post=163315"}],"version-history":[{"count":1,"href":"https:\/\/www.fuldaernachrichten.de\/index.php?rest_route=\/wp\/v2\/posts\/163315\/revisions"}],"predecessor-version":[{"id":163325,"href":"https:\/\/www.fuldaernachrichten.de\/index.php?rest_route=\/wp\/v2\/posts\/163315\/revisions\/163325"}],"wp:featuredmedia":[{"embeddable":true,"href":"https:\/\/www.fuldaernachrichten.de\/index.php?rest_route=\/wp\/v2\/media\/163320"}],"wp:attachment":[{"href":"https:\/\/www.fuldaernachrichten.de\/index.php?rest_route=%2Fwp%2Fv2%2Fmedia&parent=163315"}],"wp:term":[{"taxonomy":"category","embeddable":true,"href":"https:\/\/www.fuldaernachrichten.de\/index.php?rest_route=%2Fwp%2Fv2%2Fcategories&post=163315"},{"taxonomy":"post_tag","embeddable":true,"href":"https:\/\/www.fuldaernachrichten.de\/index.php?rest_route=%2Fwp%2Fv2%2Ftags&post=163315"}],"curies":[{"name":"wp","href":"https:\/\/api.w.org\/{rel}","templated":true}]}}