{"id":163308,"date":"2017-05-19T18:45:59","date_gmt":"2017-05-19T16:45:59","guid":{"rendered":"http:\/\/www.fuldaer-nachrichten.de\/?p=163308"},"modified":"2017-05-19T18:45:59","modified_gmt":"2017-05-19T16:45:59","slug":"wiesenbach-ist-im-finale-von-dolles-dorf-2017","status":"publish","type":"post","link":"https:\/\/www.fuldaernachrichten.de\/?p=163308","title":{"rendered":"Wiesenbach ist im Finale von \u201eDolles Dorf 2017\u201c"},"content":{"rendered":"<p>Jubel in Wiesenbach. Der Ortsteil von Breidenbach im Landkreis Marburg-Biedenkopf ist im Finale der Aktion \u201eDolles Dorf 2017\u201c im hr-fernsehen. Wiesenbach setzte sich mit 27,9 Prozent gegen seine elf Konkurrenten durch. Zweiter wurde Kleingladenbach, ebenfalls ein Ortsteil von Breidenbach mit 25,6 Prozent, auf den dritten Platz kam Ilbeshausen, ein Ortsteil von Grebenhein im Vogelsbergkreis, mit 11,0 Prozent.<\/p>\n<p>Zw\u00f6lf D\u00f6rfer aus Osthessen hatten in der zweiten Runde um den Finaleinzug gek\u00e4mpft. Die Zuschauer des hr-fernsehens konnten per TED und im Internet ihr Lieblingsdorf der Woche w\u00e4hlen und ihm Punkte bei einer Online-Version des \u201eHessenquiz\u201c gutschreiben lassen.<\/p>\n<p>Die n\u00e4chste Vorrunde startet am Samstag, 20. Mai um 18.45 Uhr im hr-fernsehen. Dann stellen sich D\u00f6rfer aus Mittelhessen zur Wahl. Bis zum 25. Mai um 15 Uhr k\u00f6nnen die Zuschauer f\u00fcr ihr Lieblingsdorf per TED abstimmen und im Internet Quizpunkte f\u00fcr ihr Dorf erspielen.<\/p>\n<p>Der H\u00f6hepunkt der Aktion findet dann am Sonntag, 11. Juni, um 18 Uhr live im hr-Treff auf dem Hessentag statt. Hombressen, Wiesenbach und zwei weitere D\u00f6rfer treffen in R\u00fcsselsheim in der Sendung \u201eDolles Dorf \u2013 Das Finale 2017\u201c live aufeinander. In mehreren Spielrunden k\u00e4mpfen die D\u00f6rfer um den Sieg, um 19.30 Uhr steht dann der gl\u00fcckliche Sieger fest. Durch die Sendung f\u00fchrt Jens K\u00f6lker, an seiner Seite hr3-Moderatorin Julia Tzsch\u00e4tzsch und \u2013 als Schiedsrichter \u2013 der ehemalige hessische Bundesligaschiedsrichter Lutz Wagner.<\/p>\n","protected":false},"excerpt":{"rendered":"<div class=\"tmnf_excerpt\"><p>Jubel in Wiesenbach. Der Ortsteil von Breidenbach im Landkreis Marburg-Biedenkopf ist im Finale der Aktion \u201eDolles Dorf 2017\u201c im hr-fernsehen. Wiesenbach setzte sich mit 27,9 Prozent gegen seine elf Konkurrenten durch. Zweiter wurde Kleingladenbach, ebenfalls ein Ortsteil von Breidenbach mit 25,6 Prozent, auf den dritten Platz kam Ilbeshausen, ein Ortsteil von Grebenhein im Vogelsbergkreis, mit &hellip;<\/p>\n<\/div>","protected":false},"author":1,"featured_media":0,"comment_status":"closed","ping_status":"closed","sticky":false,"template":"","format":"standard","meta":{"footnotes":""},"categories":[1],"tags":[],"class_list":["post-163308","post","type-post","status-publish","format-standard","hentry","category-startseite"],"_links":{"self":[{"href":"https:\/\/www.fuldaernachrichten.de\/index.php?rest_route=\/wp\/v2\/posts\/163308","targetHints":{"allow":["GET"]}}],"collection":[{"href":"https:\/\/www.fuldaernachrichten.de\/index.php?rest_route=\/wp\/v2\/posts"}],"about":[{"href":"https:\/\/www.fuldaernachrichten.de\/index.php?rest_route=\/wp\/v2\/types\/post"}],"author":[{"embeddable":true,"href":"https:\/\/www.fuldaernachrichten.de\/index.php?rest_route=\/wp\/v2\/users\/1"}],"replies":[{"embeddable":true,"href":"https:\/\/www.fuldaernachrichten.de\/index.php?rest_route=%2Fwp%2Fv2%2Fcomments&post=163308"}],"version-history":[{"count":1,"href":"https:\/\/www.fuldaernachrichten.de\/index.php?rest_route=\/wp\/v2\/posts\/163308\/revisions"}],"predecessor-version":[{"id":163312,"href":"https:\/\/www.fuldaernachrichten.de\/index.php?rest_route=\/wp\/v2\/posts\/163308\/revisions\/163312"}],"wp:attachment":[{"href":"https:\/\/www.fuldaernachrichten.de\/index.php?rest_route=%2Fwp%2Fv2%2Fmedia&parent=163308"}],"wp:term":[{"taxonomy":"category","embeddable":true,"href":"https:\/\/www.fuldaernachrichten.de\/index.php?rest_route=%2Fwp%2Fv2%2Fcategories&post=163308"},{"taxonomy":"post_tag","embeddable":true,"href":"https:\/\/www.fuldaernachrichten.de\/index.php?rest_route=%2Fwp%2Fv2%2Ftags&post=163308"}],"curies":[{"name":"wp","href":"https:\/\/api.w.org\/{rel}","templated":true}]}}