{"id":163304,"date":"2017-05-19T18:44:36","date_gmt":"2017-05-19T16:44:36","guid":{"rendered":"http:\/\/www.fuldaer-nachrichten.de\/?p=163304"},"modified":"2017-05-19T18:44:36","modified_gmt":"2017-05-19T16:44:36","slug":"internationaler-tag-der-biologischen-vielfalt-am-22-mai","status":"publish","type":"post","link":"https:\/\/www.fuldaernachrichten.de\/?p=163304","title":{"rendered":"Internationaler Tag der biologischen Vielfalt am 22. Mai"},"content":{"rendered":"<p><strong>Rund um den Globus nimmt die Artenvielfalt bei Tieren und Pflanzen dramatisch ab. Daran erinnert der <\/strong><strong>Internationale Tag der biologischen Vielfalt. Zugleich macht der Tag Menschen Mut, sich f\u00fcr Biodiversit\u00e4t auch vor der Haust\u00fcr einzusetzen. Wie das geht, beweist der Deutsche Wanderverband mit einer Reihe von Initiativen. <\/strong><\/p>\n<p><strong>\u00c2\u00a0<\/strong><\/p>\n<p>Experten sch\u00e4tzen, dass weltweit t\u00e4glich rund 150 Tier- und Pflanzenarten verschwinden. Die Tiere und Pflanzen, die \u00fcbrig bleiben, haben es oft schwer. In Deutschland etwa nahmen die Best\u00e4nde der meisten heimischen Feldv\u00f6gel-Arten in den vergangenen Jahren stark ab und das Bienensterben erschwert vielerorts schon heute die Best\u00e4ubung von Obstb\u00e4umen. Fast immer ist der Mensch f\u00fcr den R\u00fcckgang der Arten verantwortlich indem er die Landschaft betoniert, die Landwirtschaft intensiviert und die Umwelt verschmutzt. Dabei ist klar: Wir selbst leben in dieser Umwelt, atmen in ihr und ern\u00e4hren uns von ihr.<\/p>\n<p>&nbsp;<\/p>\n<p>Um das Bewusstsein f\u00fcr dieses Thema zu st\u00e4rken, haben die Vereinten Nationen 1993 den Internationalen Tag der biologischen Vielfalt ins Leben gerufen, der jedes Jahr am 22. Mai ein anderes Thema in den Fokus r\u00fcckt.<\/p>\n<p>&nbsp;<\/p>\n<p>Ausgehend von der Erkenntnis, dass sich Biodiversit\u00e4t und nachhaltiger Tourismus gegenseitig bedingen, engagiert sich der Deutsche Wanderverband (DWV) als einer der \u00e4ltesten Naturschutzverb\u00e4nde Deutschlands auch hinsichtlich des diesj\u00e4hrigen Themas des Internationalen Tages f\u00fcr biologische Vielfalt \u201eBiodiversit\u00e4t und nachhaltiger Tourismus\u201c.\u00c2\u00a0 Ute Dicks, Gesch\u00e4ftsf\u00fchrerin des Deutschen Wanderverbandes: \u201eIntakte und vielf\u00e4ltige Lebensr\u00e4ume in der Natur sind wichtige nat\u00fcrliche Angebotsfaktoren f\u00fcr erfolgreichen Tourismus. Umgekehrt kann Tourismus zum Erhalt von intakten und vielseitigen Lebensr\u00e4umen beitragen, indem etwa Wanderer oder Radfahrer intakte Natur erleben, sie zu sch\u00e4tzen lernen und sich dann f\u00fcr ihren Schutz einsetzen.\u201c Deswegen sei es wichtig, den Zugang zur Natur f\u00fcr Natursportler und Touristen nachhaltig zu sichern. Das gelte gerade auch f\u00fcr Kinder, die schon fr\u00fch einen starken Bezug zur Natur aufbauen k\u00f6nnten.<\/p>\n<p>&nbsp;<\/p>\n<p>Um Biodiversit\u00e4t und nachhaltigen Tourismus zu f\u00f6rdern, zertifiziert der DWV\u00c2\u00a0 Qualit\u00e4tswege \u201eWanderbares Deutschland\u201c. Das Zertifikat bekommen Wanderwege nur, wenn sie den Belangen des Naturschutzes entsprechen. Gerade ist am hessischen Edersee ein Qualit\u00e4tswege \u201eWanderbares Deutschland\u2013 Familienspa\u00df\u201c ausgezeichnet worden.\u00c2\u00a0Der knapp f\u00fcnf Kilometer lange Familien-Wanderweg \u201eEddis Edersee Erlebnistour\u201c ist ideal f\u00fcr Kinder und f\u00fchrt auf teils verschlungenen Pfaden vorbei an\u00c2\u00a013 Erlebnisstationen zu Naturthemen. \u201eEin informatives Wandervergn\u00fcgen f\u00fcr Kinder ebenso wie f\u00fcr Eltern\u201c, so Dicks. Au\u00dferdem habe der DWV \u2013 ebenfalls um Biodiversit\u00e4t und nachhaltigen Tourismus zu verbinden \u2013 die Software NatursportPlaner entwickelt. \u201eMit dem Online-Geoinformationssystem k\u00f6nnen Natursch\u00fctzer, Touristiker, Forstakteure und alle anderen am Wander- und Sportinfrastrukturmanagement interessierten Menschen Wege digital planen und abstimmen\u201c, erkl\u00e4rt die DWV-Gesch\u00e4ftsf\u00fchrerin. Vermeintliche Interessenskonflikte w\u00fcrden mit der Software schnell entsch\u00e4rft, was der Biodiversit\u00e4t und damit einem nachhaltigen Tourismus zu Gute komme. Diese Erfahrung h\u00e4tten bundesweit schon eine Reihe von Naturparken, Landkreisen und Wandervereinen gemacht, welche den NatursportPlaner nutzen.<\/p>\n<p>&nbsp;<\/p>\n<p>Daneben unterst\u00fctzt der Deutsche Wanderverband (DWV) mit einer Vielzahl von weiteren Initiativen den Erhalt biologischer Vielfalt. Zum Beispiel ber\u00e4t der DWV so genannte Drau\u00dfenschulen, also Schulen, an denen ein Tag in der Woche au\u00dferhalb des Klassenzimmers unterrichtet wird. Nicht zuletzt organisiert der DWV Schulwander-Wettbewerbe, die Sch\u00fcler und Lehrer f\u00fcr biologische Vielfalt sensibilisieren.<\/p>\n<p>&nbsp;<\/p>\n","protected":false},"excerpt":{"rendered":"<div class=\"tmnf_excerpt\"><p>Rund um den Globus nimmt die Artenvielfalt bei Tieren und Pflanzen dramatisch ab. Daran erinnert der Internationale Tag der biologischen Vielfalt. Zugleich macht der Tag Menschen Mut, sich f\u00fcr Biodiversit\u00e4t auch vor der Haust\u00fcr einzusetzen. Wie das geht, beweist der Deutsche Wanderverband mit einer Reihe von Initiativen. \u00c2\u00a0 Experten sch\u00e4tzen, dass weltweit t\u00e4glich rund 150 &hellip;<\/p>\n<\/div>","protected":false},"author":1,"featured_media":0,"comment_status":"closed","ping_status":"closed","sticky":false,"template":"","format":"standard","meta":{"footnotes":""},"categories":[1],"tags":[],"class_list":["post-163304","post","type-post","status-publish","format-standard","hentry","category-startseite"],"_links":{"self":[{"href":"https:\/\/www.fuldaernachrichten.de\/index.php?rest_route=\/wp\/v2\/posts\/163304","targetHints":{"allow":["GET"]}}],"collection":[{"href":"https:\/\/www.fuldaernachrichten.de\/index.php?rest_route=\/wp\/v2\/posts"}],"about":[{"href":"https:\/\/www.fuldaernachrichten.de\/index.php?rest_route=\/wp\/v2\/types\/post"}],"author":[{"embeddable":true,"href":"https:\/\/www.fuldaernachrichten.de\/index.php?rest_route=\/wp\/v2\/users\/1"}],"replies":[{"embeddable":true,"href":"https:\/\/www.fuldaernachrichten.de\/index.php?rest_route=%2Fwp%2Fv2%2Fcomments&post=163304"}],"version-history":[{"count":1,"href":"https:\/\/www.fuldaernachrichten.de\/index.php?rest_route=\/wp\/v2\/posts\/163304\/revisions"}],"predecessor-version":[{"id":163307,"href":"https:\/\/www.fuldaernachrichten.de\/index.php?rest_route=\/wp\/v2\/posts\/163304\/revisions\/163307"}],"wp:attachment":[{"href":"https:\/\/www.fuldaernachrichten.de\/index.php?rest_route=%2Fwp%2Fv2%2Fmedia&parent=163304"}],"wp:term":[{"taxonomy":"category","embeddable":true,"href":"https:\/\/www.fuldaernachrichten.de\/index.php?rest_route=%2Fwp%2Fv2%2Fcategories&post=163304"},{"taxonomy":"post_tag","embeddable":true,"href":"https:\/\/www.fuldaernachrichten.de\/index.php?rest_route=%2Fwp%2Fv2%2Ftags&post=163304"}],"curies":[{"name":"wp","href":"https:\/\/api.w.org\/{rel}","templated":true}]}}