{"id":163301,"date":"2017-05-19T18:44:18","date_gmt":"2017-05-19T16:44:18","guid":{"rendered":"http:\/\/www.fuldaer-nachrichten.de\/?p=163301"},"modified":"2017-05-19T18:44:18","modified_gmt":"2017-05-19T16:44:18","slug":"philosophischer-feierabend-3","status":"publish","type":"post","link":"https:\/\/www.fuldaernachrichten.de\/?p=163301","title":{"rendered":"Philosophischer Feierabend"},"content":{"rendered":"<p>Der letzte Vortragsabend in der VHS-Reihe \u201ePhilosophische Feierabende mit Dr. Quarch\u201c findet in diesem Fr\u00fchjahrssemester am Mittwoch, 24. Mai um 19.30 Uhr im vhs-Forum im Kanzlerpalais statt. Die Geb\u00fchr betr\u00e4gt 10,00 Euro, an der Abendkasse 8,00 \u00e2\u201a\u00ac im Vorverkauf.<\/p>\n<p>Die Vortragsreihe wird im Herbst fortgesetzt \u2013 Termine werden rechtzeitig bekannt gegeben.<\/p>\n","protected":false},"excerpt":{"rendered":"<div class=\"tmnf_excerpt\"><p>Der letzte Vortragsabend in der VHS-Reihe \u201ePhilosophische Feierabende mit Dr. Quarch\u201c findet in diesem Fr\u00fchjahrssemester am Mittwoch, 24. Mai um 19.30 Uhr im vhs-Forum im Kanzlerpalais statt. Die Geb\u00fchr betr\u00e4gt 10,00 Euro, an der Abendkasse 8,00 \u00e2\u201a\u00ac im Vorverkauf. Die Vortragsreihe wird im Herbst fortgesetzt \u2013 Termine werden rechtzeitig bekannt gegeben.<\/p>\n<\/div>","protected":false},"author":1,"featured_media":0,"comment_status":"closed","ping_status":"closed","sticky":false,"template":"","format":"standard","meta":{"footnotes":""},"categories":[1],"tags":[],"class_list":["post-163301","post","type-post","status-publish","format-standard","hentry","category-startseite"],"_links":{"self":[{"href":"https:\/\/www.fuldaernachrichten.de\/index.php?rest_route=\/wp\/v2\/posts\/163301","targetHints":{"allow":["GET"]}}],"collection":[{"href":"https:\/\/www.fuldaernachrichten.de\/index.php?rest_route=\/wp\/v2\/posts"}],"about":[{"href":"https:\/\/www.fuldaernachrichten.de\/index.php?rest_route=\/wp\/v2\/types\/post"}],"author":[{"embeddable":true,"href":"https:\/\/www.fuldaernachrichten.de\/index.php?rest_route=\/wp\/v2\/users\/1"}],"replies":[{"embeddable":true,"href":"https:\/\/www.fuldaernachrichten.de\/index.php?rest_route=%2Fwp%2Fv2%2Fcomments&post=163301"}],"version-history":[{"count":1,"href":"https:\/\/www.fuldaernachrichten.de\/index.php?rest_route=\/wp\/v2\/posts\/163301\/revisions"}],"predecessor-version":[{"id":163305,"href":"https:\/\/www.fuldaernachrichten.de\/index.php?rest_route=\/wp\/v2\/posts\/163301\/revisions\/163305"}],"wp:attachment":[{"href":"https:\/\/www.fuldaernachrichten.de\/index.php?rest_route=%2Fwp%2Fv2%2Fmedia&parent=163301"}],"wp:term":[{"taxonomy":"category","embeddable":true,"href":"https:\/\/www.fuldaernachrichten.de\/index.php?rest_route=%2Fwp%2Fv2%2Fcategories&post=163301"},{"taxonomy":"post_tag","embeddable":true,"href":"https:\/\/www.fuldaernachrichten.de\/index.php?rest_route=%2Fwp%2Fv2%2Ftags&post=163301"}],"curies":[{"name":"wp","href":"https:\/\/api.w.org\/{rel}","templated":true}]}}