{"id":163300,"date":"2017-05-19T18:43:55","date_gmt":"2017-05-19T16:43:55","guid":{"rendered":"http:\/\/www.fuldaer-nachrichten.de\/?p=163300"},"modified":"2017-05-19T18:43:55","modified_gmt":"2017-05-19T16:43:55","slug":"jugendgottesdienst-der-malteser-jugend-am-samstag-27-mai-2017","status":"publish","type":"post","link":"https:\/\/www.fuldaernachrichten.de\/?p=163300","title":{"rendered":"Jugendgottesdienst der Malteser Jugend am Samstag, 27. Mai 2017"},"content":{"rendered":"<p>Die Malteser Jugend im Bistum Fulda l\u00e4dt f\u00fcr Samstag, 27.5.2017, um 17.00\u00c2\u00a0Uhr zu einem Gottesdienst in die Rabanus-Maurus-Kirche in Petersberg ein (Am Ziegelberg 26). Zelebranten ist der designierte Jugendpfarrer Alexander Best. Nach dem Gottesdienst besteht die Gelegenheit zu Gespr\u00e4chen bei k\u00fchlen Getr\u00e4nken.<\/p>\n<p><strong>Der Bund der Deutschen Katholischen Jugend (BDKJ) im Bistum Fulda vertritt bistumsweit die Interessen von ca. 6300 Mitgliedern der katholischen Jugendverb\u00e4nde in Kirche, Politik und Gesellschaft: DPSG (Deutsche Pfadfinderschaft St. Georg), JAA (Junge Aktion der Ackermanngemeinde), J-GCL (Jugendverb\u00e4nde der Gemeinschaft Christlichen Lebens), KjG (Kath. Junge Gemeinde), J-KAB (Junge Katholische Arbeitnehmerbewegung), KLJB (Kath. Landjugendbewegung), KSJ (Kath. Studierende Jugend), Malteser Jugend und Kolpingjugend, sowie der DjK (Deutsche Jugendkraft) als Anschluss\u00c2\u00adverband.<\/strong><\/p>\n<p><strong>Der BDKJ unterst\u00fctzt junge Menschen bei ihrer pers\u00f6nlichen Entwicklung und Wegfindung. Dazu bietet er u.a. Seminare der politischen Bildung sowie Fortbildungen an und ist Tr\u00e4ger der Freiwilligendienste FSJ und BFD.<\/strong><\/p>\n","protected":false},"excerpt":{"rendered":"<div class=\"tmnf_excerpt\"><p>Die Malteser Jugend im Bistum Fulda l\u00e4dt f\u00fcr Samstag, 27.5.2017, um 17.00\u00c2\u00a0Uhr zu einem Gottesdienst in die Rabanus-Maurus-Kirche in Petersberg ein (Am Ziegelberg 26). Zelebranten ist der designierte Jugendpfarrer Alexander Best. Nach dem Gottesdienst besteht die Gelegenheit zu Gespr\u00e4chen bei k\u00fchlen Getr\u00e4nken. Der Bund der Deutschen Katholischen Jugend (BDKJ) im Bistum Fulda vertritt bistumsweit die &hellip;<\/p>\n<\/div>","protected":false},"author":1,"featured_media":0,"comment_status":"closed","ping_status":"closed","sticky":false,"template":"","format":"standard","meta":{"footnotes":""},"categories":[1],"tags":[],"class_list":["post-163300","post","type-post","status-publish","format-standard","hentry","category-startseite"],"_links":{"self":[{"href":"https:\/\/www.fuldaernachrichten.de\/index.php?rest_route=\/wp\/v2\/posts\/163300","targetHints":{"allow":["GET"]}}],"collection":[{"href":"https:\/\/www.fuldaernachrichten.de\/index.php?rest_route=\/wp\/v2\/posts"}],"about":[{"href":"https:\/\/www.fuldaernachrichten.de\/index.php?rest_route=\/wp\/v2\/types\/post"}],"author":[{"embeddable":true,"href":"https:\/\/www.fuldaernachrichten.de\/index.php?rest_route=\/wp\/v2\/users\/1"}],"replies":[{"embeddable":true,"href":"https:\/\/www.fuldaernachrichten.de\/index.php?rest_route=%2Fwp%2Fv2%2Fcomments&post=163300"}],"version-history":[{"count":1,"href":"https:\/\/www.fuldaernachrichten.de\/index.php?rest_route=\/wp\/v2\/posts\/163300\/revisions"}],"predecessor-version":[{"id":163303,"href":"https:\/\/www.fuldaernachrichten.de\/index.php?rest_route=\/wp\/v2\/posts\/163300\/revisions\/163303"}],"wp:attachment":[{"href":"https:\/\/www.fuldaernachrichten.de\/index.php?rest_route=%2Fwp%2Fv2%2Fmedia&parent=163300"}],"wp:term":[{"taxonomy":"category","embeddable":true,"href":"https:\/\/www.fuldaernachrichten.de\/index.php?rest_route=%2Fwp%2Fv2%2Fcategories&post=163300"},{"taxonomy":"post_tag","embeddable":true,"href":"https:\/\/www.fuldaernachrichten.de\/index.php?rest_route=%2Fwp%2Fv2%2Ftags&post=163300"}],"curies":[{"name":"wp","href":"https:\/\/api.w.org\/{rel}","templated":true}]}}