{"id":163283,"date":"2017-05-19T18:43:43","date_gmt":"2017-05-19T16:43:43","guid":{"rendered":"http:\/\/www.fuldaer-nachrichten.de\/?p=163283"},"modified":"2017-05-19T18:43:43","modified_gmt":"2017-05-19T16:43:43","slug":"gelungene-ausstellungseroeffnung","status":"publish","type":"post","link":"https:\/\/www.fuldaernachrichten.de\/?p=163283","title":{"rendered":"Gelungene Ausstellungser\u00f6ffnung"},"content":{"rendered":"<p>\u00dcber 30 kunstinteressierte G\u00e4ste erlebten bei spanischem Wein und mit musikalischer Untermalung vom Sonnengesang von Frank Tischer einen spannenden und inspirierenden Abend. Die spanische K\u00fcnstlerin Antonia Cantalejo, deren Werke nun unser Haus in einen Ausstellungsort verwandeln, wurde von Bernd Baldus vorgestellt und von Akademiedirektor Gunter Geiger begr\u00fc\u00dft.<\/p>\n<p>In einem gemeinsamen Projekt mit dem vision\u00e4ren Fuldaer Komponist und Musiker Frank Tischer erschuf die spanische Malerin zu jeder Strophe seiner Vertonung des Sonnengesangs von Franz von Assisi (13. Jahrhundert) ein Gem\u00e4lde. Im Gef\u00fchl von Dankbarkeit und Ehrfurcht vor der Sch\u00f6pfung entstanden weitere Werke f\u00fcr diese Ausstellung. Gezeigt werden Arbeiten in Aquarell &#8211; Acryl- und \u00d6ltechnik.<\/p>\n<p>Die Werke k\u00f6nnen im Bonifatiushaus nun t\u00e4glich von 09:00-17:00 Uhr besichtigt werden. Herzliche Einladung!<\/p>\n<p>&nbsp;<\/p>\n","protected":false},"excerpt":{"rendered":"<div class=\"tmnf_excerpt\"><p>\u00dcber 30 kunstinteressierte G\u00e4ste erlebten bei spanischem Wein und mit musikalischer Untermalung vom Sonnengesang von Frank Tischer einen spannenden und inspirierenden Abend. Die spanische K\u00fcnstlerin Antonia Cantalejo, deren Werke nun unser Haus in einen Ausstellungsort verwandeln, wurde von Bernd Baldus vorgestellt und von Akademiedirektor Gunter Geiger begr\u00fc\u00dft. In einem gemeinsamen Projekt mit dem vision\u00e4ren Fuldaer &hellip;<\/p>\n<\/div>","protected":false},"author":1,"featured_media":163289,"comment_status":"closed","ping_status":"closed","sticky":false,"template":"","format":"standard","meta":{"footnotes":""},"categories":[1],"tags":[],"class_list":["post-163283","post","type-post","status-publish","format-standard","has-post-thumbnail","hentry","category-startseite"],"_links":{"self":[{"href":"https:\/\/www.fuldaernachrichten.de\/index.php?rest_route=\/wp\/v2\/posts\/163283","targetHints":{"allow":["GET"]}}],"collection":[{"href":"https:\/\/www.fuldaernachrichten.de\/index.php?rest_route=\/wp\/v2\/posts"}],"about":[{"href":"https:\/\/www.fuldaernachrichten.de\/index.php?rest_route=\/wp\/v2\/types\/post"}],"author":[{"embeddable":true,"href":"https:\/\/www.fuldaernachrichten.de\/index.php?rest_route=\/wp\/v2\/users\/1"}],"replies":[{"embeddable":true,"href":"https:\/\/www.fuldaernachrichten.de\/index.php?rest_route=%2Fwp%2Fv2%2Fcomments&post=163283"}],"version-history":[{"count":1,"href":"https:\/\/www.fuldaernachrichten.de\/index.php?rest_route=\/wp\/v2\/posts\/163283\/revisions"}],"predecessor-version":[{"id":163302,"href":"https:\/\/www.fuldaernachrichten.de\/index.php?rest_route=\/wp\/v2\/posts\/163283\/revisions\/163302"}],"wp:featuredmedia":[{"embeddable":true,"href":"https:\/\/www.fuldaernachrichten.de\/index.php?rest_route=\/wp\/v2\/media\/163289"}],"wp:attachment":[{"href":"https:\/\/www.fuldaernachrichten.de\/index.php?rest_route=%2Fwp%2Fv2%2Fmedia&parent=163283"}],"wp:term":[{"taxonomy":"category","embeddable":true,"href":"https:\/\/www.fuldaernachrichten.de\/index.php?rest_route=%2Fwp%2Fv2%2Fcategories&post=163283"},{"taxonomy":"post_tag","embeddable":true,"href":"https:\/\/www.fuldaernachrichten.de\/index.php?rest_route=%2Fwp%2Fv2%2Ftags&post=163283"}],"curies":[{"name":"wp","href":"https:\/\/api.w.org\/{rel}","templated":true}]}}