{"id":163271,"date":"2017-05-19T18:38:56","date_gmt":"2017-05-19T16:38:56","guid":{"rendered":"http:\/\/www.fuldaer-nachrichten.de\/?p=163271"},"modified":"2017-05-19T18:38:56","modified_gmt":"2017-05-19T16:38:56","slug":"himmelfahrt-open-air-evangelische-gemeinden-feiern-auf-dem-sportplatz-glaeserzell","status":"publish","type":"post","link":"https:\/\/www.fuldaernachrichten.de\/?p=163271","title":{"rendered":"Himmelfahrt \u201eOpen-Air\u201c Evangelische Gemeinden feiern auf dem Sportplatz Gl\u00e4serzell"},"content":{"rendered":"<p>Am Himmelfahrtstag, 25.5.2017, um 11.00 Uhr, feiern die evangelischen Gemeinden der Vers\u00f6hnungskirche, des Tr\u00e4tzhofs und der Kreuzkirche einen gemeinsamen Gottesdienst auf dem Sportplatz Gl\u00e4serzell mit parallelem Kindergottesdienst von 3-12 Jahren. Musikalisch begleitet werden die Besucher durch die Musikgruppe \u201eEsprit\u201c. Der \u201eSportverein Gl\u00e4serzell 1965\u201c sorgt zudem mit Gegrilltem, Flurg\u00f6nder und Kaffee und Kuchen f\u00fcr das leibliche Wohl. Bei ung\u00fcnstigem Wetter bietet ein Zelt Schutz. Erstmals wirkt auch Pfarrer Dr. Michael Grimm in diesem Gottesdienst mit, Pfarrerin Tina Oehm-Ludwig h\u00e4lt die Predigt.<\/p>\n<p>Die Kreuzkirche bietet zudem eine familienfreundliche Fahrradtour zum Sportplatz an. Los geht es mit Pfarrer Stefan B\u00fcrger, um 10.00 Uhr an der Kreuzkirche oder um 10.15 Uhr am Wertstoffhof, Langebr\u00fcckenstra\u00dfe.<\/p>\n","protected":false},"excerpt":{"rendered":"<div class=\"tmnf_excerpt\"><p>Am Himmelfahrtstag, 25.5.2017, um 11.00 Uhr, feiern die evangelischen Gemeinden der Vers\u00f6hnungskirche, des Tr\u00e4tzhofs und der Kreuzkirche einen gemeinsamen Gottesdienst auf dem Sportplatz Gl\u00e4serzell mit parallelem Kindergottesdienst von 3-12 Jahren. Musikalisch begleitet werden die Besucher durch die Musikgruppe \u201eEsprit\u201c. Der \u201eSportverein Gl\u00e4serzell 1965\u201c sorgt zudem mit Gegrilltem, Flurg\u00f6nder und Kaffee und Kuchen f\u00fcr das leibliche &hellip;<\/p>\n<\/div>","protected":false},"author":1,"featured_media":163277,"comment_status":"closed","ping_status":"closed","sticky":false,"template":"","format":"standard","meta":{"footnotes":""},"categories":[1],"tags":[],"class_list":["post-163271","post","type-post","status-publish","format-standard","has-post-thumbnail","hentry","category-startseite"],"_links":{"self":[{"href":"https:\/\/www.fuldaernachrichten.de\/index.php?rest_route=\/wp\/v2\/posts\/163271","targetHints":{"allow":["GET"]}}],"collection":[{"href":"https:\/\/www.fuldaernachrichten.de\/index.php?rest_route=\/wp\/v2\/posts"}],"about":[{"href":"https:\/\/www.fuldaernachrichten.de\/index.php?rest_route=\/wp\/v2\/types\/post"}],"author":[{"embeddable":true,"href":"https:\/\/www.fuldaernachrichten.de\/index.php?rest_route=\/wp\/v2\/users\/1"}],"replies":[{"embeddable":true,"href":"https:\/\/www.fuldaernachrichten.de\/index.php?rest_route=%2Fwp%2Fv2%2Fcomments&post=163271"}],"version-history":[{"count":1,"href":"https:\/\/www.fuldaernachrichten.de\/index.php?rest_route=\/wp\/v2\/posts\/163271\/revisions"}],"predecessor-version":[{"id":163278,"href":"https:\/\/www.fuldaernachrichten.de\/index.php?rest_route=\/wp\/v2\/posts\/163271\/revisions\/163278"}],"wp:featuredmedia":[{"embeddable":true,"href":"https:\/\/www.fuldaernachrichten.de\/index.php?rest_route=\/wp\/v2\/media\/163277"}],"wp:attachment":[{"href":"https:\/\/www.fuldaernachrichten.de\/index.php?rest_route=%2Fwp%2Fv2%2Fmedia&parent=163271"}],"wp:term":[{"taxonomy":"category","embeddable":true,"href":"https:\/\/www.fuldaernachrichten.de\/index.php?rest_route=%2Fwp%2Fv2%2Fcategories&post=163271"},{"taxonomy":"post_tag","embeddable":true,"href":"https:\/\/www.fuldaernachrichten.de\/index.php?rest_route=%2Fwp%2Fv2%2Ftags&post=163271"}],"curies":[{"name":"wp","href":"https:\/\/api.w.org\/{rel}","templated":true}]}}