{"id":163267,"date":"2017-05-19T18:36:49","date_gmt":"2017-05-19T16:36:49","guid":{"rendered":"http:\/\/www.fuldaer-nachrichten.de\/?p=163267"},"modified":"2017-05-19T18:36:49","modified_gmt":"2017-05-19T16:36:49","slug":"unterwegs-mit-dem-ranger-fuehrung-zur-kernzone-am-buchschirm-freitag-26-05-2017-1400-uhr-bis-1700-uhr","status":"publish","type":"post","link":"https:\/\/www.fuldaernachrichten.de\/?p=163267","title":{"rendered":"Unterwegs mit dem Ranger &#8211; F\u00fchrung zur Kernzone am Buchschirm &#8211; Freitag, 26.05.2017 &#8211; 14:00 Uhr bis 17:00 Uhr"},"content":{"rendered":"<p>Thema: Kulturlandschaft der Rh\u00f6n und die Kernzone Buchschirm mit Besonderheiten des Lebensraums Buchenwald.<br \/>\nVon der Fichtenmonokultur zum Buchenurwald. Die Strecke betr\u00e4gt ca. 5,5 km auf bequemen Wegen und Pfaden.<br \/>\nDas Basaltblockmeer am Buchschirmk\u00fcppel (745,8 m \u00fc NN) ist geologisch und botanisch besonders eindrucksvoll. Die im 49 Hektar gro\u00dfen NSG enthaltenen Basaltblockhalden, basenreiche und saure Quell- und Versumpfungsmoore sind eng mit extensiv genutzter Kulturlandschaft aus Borstgrasrasen und Weidefl\u00e4chen verzahnt. Ein Teil der alten Hilderser Gemeindehute mit heckenbewachsenen Steinriegeln wird durch extensive Beweidung offen gehalten; der schon lange nicht mehr genutzte Hutewald bleibt dagegen sich selbst \u00fcberlassen. Die gewaltigen Huteb\u00e4ume \u2013 \u00fcberwiegend Rotbuche \u2013 geh\u00f6ren mit bis zu 300 Jahren zu den \u00e4ltesten der Rh\u00f6n. Aber auch einige \u00e4ltere Feldahorne (Acer campestre) sind einzigartig. Mit H\u00f6hen bis 22 m und einem Kronendurchmesser von bis zu 20 m erreichen diese gewaltige Ausma\u00dfe. Zwei gr\u00f6\u00dfere offene Basaltblockhalden sind \u00fcppig mit seltenen Flechten und Moosen bewachsen. Dort konnten Kreuzottern \u00fcberleben.<\/p>\n<p>Veranstaltungsort:<br \/>\nWanderparkplatz am Thomas-Morus-Haus<br \/>\nBuchschirmweg<br \/>\n36115 Hilders (Hessen)<br \/>\nKosten:<br \/>\nkostenfrei<br \/>\nVeranstalter:<br \/>\nBiosph\u00e4renreservat Rh\u00f6n<br \/>\nWasserkuppe 8<br \/>\n36129 Gersfeld<br \/>\nTel.: 06654-9612-0<br \/>\nFax: 06654-9612-20<\/p>\n","protected":false},"excerpt":{"rendered":"<div class=\"tmnf_excerpt\"><p>Thema: Kulturlandschaft der Rh\u00f6n und die Kernzone Buchschirm mit Besonderheiten des Lebensraums Buchenwald. Von der Fichtenmonokultur zum Buchenurwald. Die Strecke betr\u00e4gt ca. 5,5 km auf bequemen Wegen und Pfaden. Das Basaltblockmeer am Buchschirmk\u00fcppel (745,8 m \u00fc NN) ist geologisch und botanisch besonders eindrucksvoll. Die im 49 Hektar gro\u00dfen NSG enthaltenen Basaltblockhalden, basenreiche und saure Quell- &hellip;<\/p>\n<\/div>","protected":false},"author":1,"featured_media":0,"comment_status":"closed","ping_status":"closed","sticky":false,"template":"","format":"standard","meta":{"footnotes":""},"categories":[1],"tags":[],"class_list":["post-163267","post","type-post","status-publish","format-standard","hentry","category-startseite"],"_links":{"self":[{"href":"https:\/\/www.fuldaernachrichten.de\/index.php?rest_route=\/wp\/v2\/posts\/163267","targetHints":{"allow":["GET"]}}],"collection":[{"href":"https:\/\/www.fuldaernachrichten.de\/index.php?rest_route=\/wp\/v2\/posts"}],"about":[{"href":"https:\/\/www.fuldaernachrichten.de\/index.php?rest_route=\/wp\/v2\/types\/post"}],"author":[{"embeddable":true,"href":"https:\/\/www.fuldaernachrichten.de\/index.php?rest_route=\/wp\/v2\/users\/1"}],"replies":[{"embeddable":true,"href":"https:\/\/www.fuldaernachrichten.de\/index.php?rest_route=%2Fwp%2Fv2%2Fcomments&post=163267"}],"version-history":[{"count":1,"href":"https:\/\/www.fuldaernachrichten.de\/index.php?rest_route=\/wp\/v2\/posts\/163267\/revisions"}],"predecessor-version":[{"id":163269,"href":"https:\/\/www.fuldaernachrichten.de\/index.php?rest_route=\/wp\/v2\/posts\/163267\/revisions\/163269"}],"wp:attachment":[{"href":"https:\/\/www.fuldaernachrichten.de\/index.php?rest_route=%2Fwp%2Fv2%2Fmedia&parent=163267"}],"wp:term":[{"taxonomy":"category","embeddable":true,"href":"https:\/\/www.fuldaernachrichten.de\/index.php?rest_route=%2Fwp%2Fv2%2Fcategories&post=163267"},{"taxonomy":"post_tag","embeddable":true,"href":"https:\/\/www.fuldaernachrichten.de\/index.php?rest_route=%2Fwp%2Fv2%2Ftags&post=163267"}],"curies":[{"name":"wp","href":"https:\/\/api.w.org\/{rel}","templated":true}]}}