{"id":163222,"date":"2017-05-18T08:12:29","date_gmt":"2017-05-18T06:12:29","guid":{"rendered":"http:\/\/www.fuldaer-nachrichten.de\/?p=163222"},"modified":"2017-05-18T08:12:29","modified_gmt":"2017-05-18T06:12:29","slug":"sperrungen-wegen-challenge-lauf","status":"publish","type":"post","link":"https:\/\/www.fuldaernachrichten.de\/?p=163222","title":{"rendered":"Sperrungen wegen \u201eChallenge-Lauf\u201c"},"content":{"rendered":"<p>Wegen des Firmenlaufes \u201eRh\u00f6n-Energie-Challenge\u201c kommt es am Samstag, 20. Mai, zwischen 14.30 Uhr und 16.30 Uhr zu Behinderungen in der gesamten Fuldaer Innenstadt sowie im Zielbereich rund um das Rosenbad. <\/p>\n<p>In der Von-Schildeck-Stra\u00dfe zwischen Rangstra\u00dfe und Frankfurter Stra\u00dfe wird es zwischen 14.45 Uhr und 15.30 Uhr zu Einschr\u00e4nkungen f\u00fcr den Stra\u00dfenverkehr kommen. Der Startbereich des Challenge-Laufs, die Rangstra\u00dfe zwischen der Kreuzung Von-Schildeck-Stra\u00dfe und Martin-Luther-Platz, wird an diesem Tag von 8 Uhr bis ca. 18 Uhr voll gesperrt sein.<\/p>\n","protected":false},"excerpt":{"rendered":"<div class=\"tmnf_excerpt\"><p>Wegen des Firmenlaufes \u201eRh\u00f6n-Energie-Challenge\u201c kommt es am Samstag, 20. Mai, zwischen 14.30 Uhr und 16.30 Uhr zu Behinderungen in der gesamten Fuldaer Innenstadt sowie im Zielbereich rund um das Rosenbad. In der Von-Schildeck-Stra\u00dfe zwischen Rangstra\u00dfe und Frankfurter Stra\u00dfe wird es zwischen 14.45 Uhr und 15.30 Uhr zu Einschr\u00e4nkungen f\u00fcr den Stra\u00dfenverkehr kommen. Der Startbereich des &hellip;<\/p>\n<\/div>","protected":false},"author":1,"featured_media":163237,"comment_status":"closed","ping_status":"closed","sticky":false,"template":"","format":"standard","meta":{"footnotes":""},"categories":[1],"tags":[],"class_list":["post-163222","post","type-post","status-publish","format-standard","has-post-thumbnail","hentry","category-startseite"],"_links":{"self":[{"href":"https:\/\/www.fuldaernachrichten.de\/index.php?rest_route=\/wp\/v2\/posts\/163222","targetHints":{"allow":["GET"]}}],"collection":[{"href":"https:\/\/www.fuldaernachrichten.de\/index.php?rest_route=\/wp\/v2\/posts"}],"about":[{"href":"https:\/\/www.fuldaernachrichten.de\/index.php?rest_route=\/wp\/v2\/types\/post"}],"author":[{"embeddable":true,"href":"https:\/\/www.fuldaernachrichten.de\/index.php?rest_route=\/wp\/v2\/users\/1"}],"replies":[{"embeddable":true,"href":"https:\/\/www.fuldaernachrichten.de\/index.php?rest_route=%2Fwp%2Fv2%2Fcomments&post=163222"}],"version-history":[{"count":1,"href":"https:\/\/www.fuldaernachrichten.de\/index.php?rest_route=\/wp\/v2\/posts\/163222\/revisions"}],"predecessor-version":[{"id":163238,"href":"https:\/\/www.fuldaernachrichten.de\/index.php?rest_route=\/wp\/v2\/posts\/163222\/revisions\/163238"}],"wp:featuredmedia":[{"embeddable":true,"href":"https:\/\/www.fuldaernachrichten.de\/index.php?rest_route=\/wp\/v2\/media\/163237"}],"wp:attachment":[{"href":"https:\/\/www.fuldaernachrichten.de\/index.php?rest_route=%2Fwp%2Fv2%2Fmedia&parent=163222"}],"wp:term":[{"taxonomy":"category","embeddable":true,"href":"https:\/\/www.fuldaernachrichten.de\/index.php?rest_route=%2Fwp%2Fv2%2Fcategories&post=163222"},{"taxonomy":"post_tag","embeddable":true,"href":"https:\/\/www.fuldaernachrichten.de\/index.php?rest_route=%2Fwp%2Fv2%2Ftags&post=163222"}],"curies":[{"name":"wp","href":"https:\/\/api.w.org\/{rel}","templated":true}]}}