{"id":163216,"date":"2017-05-18T08:08:25","date_gmt":"2017-05-18T06:08:25","guid":{"rendered":"http:\/\/www.fuldaer-nachrichten.de\/?p=163216"},"modified":"2017-05-18T08:08:25","modified_gmt":"2017-05-18T06:08:25","slug":"auf-wanderschaft-rund-um-das-tor-der-rhoen","status":"publish","type":"post","link":"https:\/\/www.fuldaernachrichten.de\/?p=163216","title":{"rendered":"Auf Wanderschaft rund um das \u201eTor der Rh\u00f6n\u201c"},"content":{"rendered":"<p>Ein Rh\u00f6ner Wande-Event j\u00e4hrte sich am vergangenen Wochenende bereits zum 8. Mal: Der Rh\u00f6ner Wandertag, der L\u00e4nder \u00fcbergreifend das Mittelgebirge verbindet und allj\u00e4hrlich wechselt. In diesem Jahr veranstaltete ihn die th\u00fcringische Stadt Vacha, deren Konzept die Regionale Arbeitsgemeinschaft (ARGE) der Landkreise Bad Kissingen, Fulda, Rh\u00f6n-Grabfeld, Schmalkalden-Meiningen, Wartburgkreis) Rh\u00f6n \u00fcberzeugt hatte. Gleichzeitig feierte Vacha n\u00e4mlich 1 200 Jahre Ersterw\u00e4hnung.<\/p>\n<p>Im Rahmen der Gro\u00dfveranstaltung gab es ein vielf\u00e4ltiges Veranstaltungsspektrum, beispielsweise die acht unterschiedlichen vom Rh\u00f6nklub-Zweigverein Vacha auserw\u00e4hlten Wandertouren, den Vitus-Markt auf dem Markplatz, den Mittelaltermarkt rund um die Burg Wendelstein sowie auch einige musikalische Highlights. <\/p>\n<p>Zur feierlichen Er\u00f6ffnung des 8. Rh\u00f6ner Wandertag mit \u00dcbergabe des Wanderstabes konnte Vachas B\u00fcrgermeister Martin M\u00fcller viele Ehreng\u00e4ste wie Schirmherrin Christine Lieberknecht, Pr\u00e4sidentin des Landesverbandes Th\u00fcringen im Verband Deutscher Gebirgs- und Wandervereine e.V. und ehemalige \u00c2\u00a0Ministerpr\u00e4sidentin des Freistaats Th\u00fcringen, den stellvertretenden Landrat des Landkreises Rh\u00f6n-Grabfeld Peter Suckf\u00fcll, Rh\u00f6nklub-Pr\u00e4sident J\u00fcrgen Reinhardt, den Landrat des Wartburgkreises Reinhard Krebs und als Vertreter des letztj\u00e4hrigen bzw. n\u00e4chsten  Rh\u00f6ner Wandertages die beiden B\u00fcrgermeister Armin Warmuth (Hammelburg) und Manfred Helfrich (Poppenhausen) begr\u00fc\u00dfen.<\/p>\n<p>Vacha richte am vergangenen Wochenende nicht nur den 8. Rh\u00f6ner Wandertag aus, sondern feiere zugleich auch den 1200-sten Jahrestag seiner Ersterw\u00e4hnung mit einem z\u00fcnftigen Stadtfest, sagte B\u00fcrgermeister M\u00fcller. \u201eIch lade Sie ein, die historische Stadt Vacha \u2013 das Tor zur Rh\u00f6n \u2013 zu entdecken, die herrliche th\u00fcringische Vorderrh\u00f6n auf den gef\u00fchrten thematischen Wandertouren zu erwandern und Geschichte im Rahmen der Stadtf\u00fchrungen und Nachtw\u00e4chterrundg\u00e4nge hautnah zu erleben.\u201c<\/p>\n<p>Schirmherrin Lieberknecht hob hervor, dass man nur vom dem richtig zu berichten wei\u00df, was man zu Fu\u00df gegangen ist. \u201eNehmen wir diese wunderbare Landschaft unter die F\u00fc\u00dfe, genie\u00dfen wir mit offenen Augen das Land der offenen Fernen heute einmal im Werratal am Tor zur Rh\u00f6n\u201c.    <\/p>\n<p>Er freue sich, dass Vacha als n\u00f6rdlichste Stadt der Rh\u00f6n den Rh\u00f6ner Wandertag austrage, so Landrat Reinhard Krebs. Nach dem Fall der innerdeutschen Grenze sei es nun m\u00f6glich, einen Rh\u00f6ner Wandertag in allen drei Bundesl\u00e4ndern gemeinsam zu feiern. Der Rh\u00f6nklub, sagte er, sei f\u00fcr den Rh\u00f6ner Wandertag ein ganz wichtiges Bindeglied. Krebs \u00fcberreichte daher an Rh\u00f6nklub-Pr\u00e4sident J\u00fcrgen Reinhardt einen Scheck in H\u00f6he von 1 000 Euro als Zuschuss f\u00fcr die Markierung und Instandhaltung von Wanderwegen durch die Wanderwegewarte des Werragaus.<br \/>\nRh\u00f6nklub-Pr\u00e4sident Reinhard erinnerte an die Gr\u00fcndung des heimischen Rh\u00f6nklub-Zweigvereins im Jahr 1877 durch den gro\u00dfherzoglichen Oberf\u00f6rster Richard Schmidt. Mit der Erschlie\u00dfung des \u201e\u00d6chsenberg\u201c, dem n\u00f6rdlichsten Berg der Rh\u00f6n, habe Vacha dann auch touristische Werbung betrieben. Nach der Wende habe der Zweigverein seine Arbeit wiederaufgenommen und verf\u00fcge inzwischen \u00fcber weit \u00fcber 100 Kilometer Wanderwege.<\/p>\n<p>Mit der \u00dcbergabe des Rh\u00f6ner Wanderstabs durch Vachas B\u00fcrgermeister Martin M\u00fcller an seinen Kollegen Manfred Helfrich aus der hessischen Gemeinde Poppenhausen, die im kommenden Jahr den 9. Rh\u00f6ner Wandertag ausrichten wird, endete der 8. Rh\u00f6ner Wandertag in Vacha.<br \/>\nDie Luftkurortgemeinde Poppenhausen (Wasserkuppe), die sich \u00fcber die Festtage bereits in Vacha mit einem Info-Stand pr\u00e4sentierte, konnte sich bei der Auswahl durchsetzen und freut sich \u00fcber den Zuschlag der 5 Rh\u00f6ner Landkreise f\u00fcr die Ausrichtung des 9. Rh\u00f6ner Wandertages in 2018. Das vorgelegte Konzept \u00fcberzeugte die Entscheidungstr\u00e4ger und f\u00fchrte zu einem einstimmigen Votum.<\/p>\n<p>\u201eDamit erhalten wir eine gute Gelegenheit, uns als Tourismusgemeinde und die gesamte Region der Drei-L\u00e4nder-Rh\u00f6n regional und \u00fcberregional positiv darzustellen. Mit unserer Auswahl von Wanderstrecken wollen wir herrliche Ein- und Ausblicke im Land der offenen Fernen bieten und die Rh\u00f6n als Wanderwelt Nr. 1 erlebbar machen\u201c, so B\u00fcrgermeister Manfred Helfrich.<\/p>\n<p>\u201eWir begr\u00fc\u00dfen die Initiative der 5 Landkreise der Th\u00fcringischen, Bayerischen und Hessischen Rh\u00f6n, an den damaligen Erfolg des Deutschen Wandertages, der im Jahr 2008 in Fulda stattfand, anzukn\u00fcpfen.\u201c<\/p>\n<p>In den vergangenen 9 Jahren hat sich der Rh\u00f6ner Wandertag als eine werbewirksame Veranstaltung etabliert, die begeisterte Wanderer aus nah und fern auf die Rh\u00f6n als Wanderwelt Nr. 1 aufmerksam macht.<\/p>\n<p>\u201eMit dem Rh\u00f6nklubzweigverein Poppenhausen (Wasserkuppe), der \u00fcber 700 Mitglieder z\u00e4hlt und unseren aktiven Vereinen haben wir starke und verl\u00e4ssliche Partner bei der Ausrichtung des 9. Rh\u00f6ner Wandertages.\u201c<\/p>\n<p>Als Termin f\u00fcr die Ausrichtung des 9. Rh\u00f6ner Wandertages wurde das Wochenende 01. u. 02. September 2018 gew\u00e4hlt. Die Veranstaltung soll mit dem traditionellen Handwerker- und Bauernmarkt ausgerichtet werden, der sich l\u00e4ngst als Drei-L\u00e4nder-Regionalmarkt etabliert hat.<\/p>\n<p>Zahlreichen Anbieter aus der Drei-L\u00e4nder-Rh\u00f6n (Franken, Th\u00fcringen und Hessen), die meist Mitglied der Dachmarke Rh\u00f6n sind, bieten dann ihre Qualit\u00e4tsprodukte aus eigener Herstellung an.<\/p>\n<p>Das Konzept sieht zwei Veranstaltungsorte vor. Zum einen das Von-Steinr\u00fcck-Haus und zum anderen den Bereich Marktplatz mit Rathaus und Umgebung. Start der Wanderungen ist jeweils das Sport- und Freizeitgel\u00e4nde L\u00fcttergrund.<\/p>\n<p>Es werden f\u00fcnf gef\u00fchrte Wanderungen von unterschiedlicher L\u00e4nge und Schwierigkeitsgraden angeboten. Der Rh\u00f6ner Wandertag generiere einen hohen touristischen Wert f\u00fcr die ausrichtende Gemeinde, so die Meinung der bisherigen Ausrichter.<br \/>\nBisherige Ausrichter waren M\u00fcnnerstadt (2010), Geisa (2011), Hilders (2012), Bad Neustadt (2013), Breitungen (2014), Rasdorf (2015), Hammelburg (2016) und Vacha (2017).<\/p>\n","protected":false},"excerpt":{"rendered":"<div class=\"tmnf_excerpt\"><p>Ein Rh\u00f6ner Wande-Event j\u00e4hrte sich am vergangenen Wochenende bereits zum 8. Mal: Der Rh\u00f6ner Wandertag, der L\u00e4nder \u00fcbergreifend das Mittelgebirge verbindet und allj\u00e4hrlich wechselt. In diesem Jahr veranstaltete ihn die th\u00fcringische Stadt Vacha, deren Konzept die Regionale Arbeitsgemeinschaft (ARGE) der Landkreise Bad Kissingen, Fulda, Rh\u00f6n-Grabfeld, Schmalkalden-Meiningen, Wartburgkreis) Rh\u00f6n \u00fcberzeugt hatte. Gleichzeitig feierte Vacha n\u00e4mlich 1 &hellip;<\/p>\n<\/div>","protected":false},"author":1,"featured_media":163226,"comment_status":"closed","ping_status":"closed","sticky":false,"template":"","format":"gallery","meta":{"footnotes":""},"categories":[1],"tags":[],"class_list":["post-163216","post","type-post","status-publish","format-gallery","has-post-thumbnail","hentry","category-startseite","post_format-post-format-gallery"],"_links":{"self":[{"href":"https:\/\/www.fuldaernachrichten.de\/index.php?rest_route=\/wp\/v2\/posts\/163216","targetHints":{"allow":["GET"]}}],"collection":[{"href":"https:\/\/www.fuldaernachrichten.de\/index.php?rest_route=\/wp\/v2\/posts"}],"about":[{"href":"https:\/\/www.fuldaernachrichten.de\/index.php?rest_route=\/wp\/v2\/types\/post"}],"author":[{"embeddable":true,"href":"https:\/\/www.fuldaernachrichten.de\/index.php?rest_route=\/wp\/v2\/users\/1"}],"replies":[{"embeddable":true,"href":"https:\/\/www.fuldaernachrichten.de\/index.php?rest_route=%2Fwp%2Fv2%2Fcomments&post=163216"}],"version-history":[{"count":1,"href":"https:\/\/www.fuldaernachrichten.de\/index.php?rest_route=\/wp\/v2\/posts\/163216\/revisions"}],"predecessor-version":[{"id":163228,"href":"https:\/\/www.fuldaernachrichten.de\/index.php?rest_route=\/wp\/v2\/posts\/163216\/revisions\/163228"}],"wp:featuredmedia":[{"embeddable":true,"href":"https:\/\/www.fuldaernachrichten.de\/index.php?rest_route=\/wp\/v2\/media\/163226"}],"wp:attachment":[{"href":"https:\/\/www.fuldaernachrichten.de\/index.php?rest_route=%2Fwp%2Fv2%2Fmedia&parent=163216"}],"wp:term":[{"taxonomy":"category","embeddable":true,"href":"https:\/\/www.fuldaernachrichten.de\/index.php?rest_route=%2Fwp%2Fv2%2Fcategories&post=163216"},{"taxonomy":"post_tag","embeddable":true,"href":"https:\/\/www.fuldaernachrichten.de\/index.php?rest_route=%2Fwp%2Fv2%2Ftags&post=163216"}],"curies":[{"name":"wp","href":"https:\/\/api.w.org\/{rel}","templated":true}]}}