{"id":163208,"date":"2017-05-18T08:05:50","date_gmt":"2017-05-18T06:05:50","guid":{"rendered":"http:\/\/www.fuldaer-nachrichten.de\/?p=163208"},"modified":"2017-05-18T08:05:50","modified_gmt":"2017-05-18T06:05:50","slug":"kreis-seniorenbeirat-nachbarschaftsquartiere-gegen-die-vereinsamung","status":"publish","type":"post","link":"https:\/\/www.fuldaernachrichten.de\/?p=163208","title":{"rendered":"Kreis-Seniorenbeirat: Nachbarschaftsquartiere gegen die Vereinsamung"},"content":{"rendered":"<p>\u201eWir wissen, dass auch bei uns auf dem Land oft F\u00e4lle trauriger Vereinsamung vorkommen \u2013 nicht nur Verkehrswege und Verkehrsmittel sind in unserem Fl\u00e4chenkreis f\u00fcr Senioren problematisch.\u201c Dr. Bernd Liller, Vorsitzender des Kreis-Seniorenbeirats, stellte diese Worte seinem Vortrag zum Thema \u201eNachbarschaftsquartier\u201c voran. Er regte ein Projekt an, bei dem es unter anderem darum gehen soll, sich in \u00fcberschaubaren R\u00e4umen \u2013 eben einem Nachbarschaftsquartier \u2013 wieder n\u00e4her zu kommen und einen vertrauteren Umgang miteinander zu pflegen. Er bat seine Kolleginnen und Kollegen im Kreis-Seniorenbeirat darum, sich in ihrer jeweiligen Kommune nach geeigneten \u201ePilot-Quartieren\u201c umzuh\u00f6ren und umzuschauen, mit denen in ein solches Projekt gestartet werden k\u00f6nnte. Dort sollten dann zun\u00e4chst Befragungen anhand eines Fragebogens stattfinden, um die nachbarschaftlichen Verh\u00e4ltnisse mit allen positiven und negativen Punkten auszuloten und das Interesse an Nachbarschaftstreffen o. \u00c4. abzufragen. Weitere Themen im Kreisseniorenbeirat waren die Kurzberichte der Vertreterinnen und Vertreter \u00fcber die Aktivit\u00e4ten in den einzelnen Kommunen wie zum Beispiel Seniorennachmittage, gemeinsame Ausfl\u00fcge oder Informationsveranstaltungen zu Fahren im Alter, zu Vorsorgevollmacht und Patientenverf\u00fcgung oder den Vortrag der Polizei zum sogenannten \u201eEnkeltrick\u201c.<\/p>\n","protected":false},"excerpt":{"rendered":"<div class=\"tmnf_excerpt\"><p>\u201eWir wissen, dass auch bei uns auf dem Land oft F\u00e4lle trauriger Vereinsamung vorkommen \u2013 nicht nur Verkehrswege und Verkehrsmittel sind in unserem Fl\u00e4chenkreis f\u00fcr Senioren problematisch.\u201c Dr. Bernd Liller, Vorsitzender des Kreis-Seniorenbeirats, stellte diese Worte seinem Vortrag zum Thema \u201eNachbarschaftsquartier\u201c voran. Er regte ein Projekt an, bei dem es unter anderem darum gehen soll, &hellip;<\/p>\n<\/div>","protected":false},"author":1,"featured_media":163218,"comment_status":"closed","ping_status":"closed","sticky":false,"template":"","format":"standard","meta":{"footnotes":""},"categories":[1],"tags":[],"class_list":["post-163208","post","type-post","status-publish","format-standard","has-post-thumbnail","hentry","category-startseite"],"_links":{"self":[{"href":"https:\/\/www.fuldaernachrichten.de\/index.php?rest_route=\/wp\/v2\/posts\/163208","targetHints":{"allow":["GET"]}}],"collection":[{"href":"https:\/\/www.fuldaernachrichten.de\/index.php?rest_route=\/wp\/v2\/posts"}],"about":[{"href":"https:\/\/www.fuldaernachrichten.de\/index.php?rest_route=\/wp\/v2\/types\/post"}],"author":[{"embeddable":true,"href":"https:\/\/www.fuldaernachrichten.de\/index.php?rest_route=\/wp\/v2\/users\/1"}],"replies":[{"embeddable":true,"href":"https:\/\/www.fuldaernachrichten.de\/index.php?rest_route=%2Fwp%2Fv2%2Fcomments&post=163208"}],"version-history":[{"count":1,"href":"https:\/\/www.fuldaernachrichten.de\/index.php?rest_route=\/wp\/v2\/posts\/163208\/revisions"}],"predecessor-version":[{"id":163219,"href":"https:\/\/www.fuldaernachrichten.de\/index.php?rest_route=\/wp\/v2\/posts\/163208\/revisions\/163219"}],"wp:featuredmedia":[{"embeddable":true,"href":"https:\/\/www.fuldaernachrichten.de\/index.php?rest_route=\/wp\/v2\/media\/163218"}],"wp:attachment":[{"href":"https:\/\/www.fuldaernachrichten.de\/index.php?rest_route=%2Fwp%2Fv2%2Fmedia&parent=163208"}],"wp:term":[{"taxonomy":"category","embeddable":true,"href":"https:\/\/www.fuldaernachrichten.de\/index.php?rest_route=%2Fwp%2Fv2%2Fcategories&post=163208"},{"taxonomy":"post_tag","embeddable":true,"href":"https:\/\/www.fuldaernachrichten.de\/index.php?rest_route=%2Fwp%2Fv2%2Ftags&post=163208"}],"curies":[{"name":"wp","href":"https:\/\/api.w.org\/{rel}","templated":true}]}}