{"id":163203,"date":"2017-05-18T08:07:09","date_gmt":"2017-05-18T06:07:09","guid":{"rendered":"http:\/\/www.fuldaer-nachrichten.de\/?p=163203"},"modified":"2017-05-18T08:07:09","modified_gmt":"2017-05-18T06:07:09","slug":"vogelsbergkreis-schreibt-kulturfoerderpreis-aus-kuenstler-und-kulturschaffende-gesucht-vorschlaege-bis-1-september-einreichen","status":"publish","type":"post","link":"https:\/\/www.fuldaernachrichten.de\/?p=163203","title":{"rendered":"Vogelsbergkreis schreibt Kulturf\u00f6rderpreis aus: K\u00fcnstler und Kulturschaffende gesucht Vorschl\u00e4ge bis 1. September einreichen"},"content":{"rendered":"<p>Der Vogelsbergkreis verleiht in diesem Jahr zum vierten Mal den Kulturf\u00f6rderpreis. Der Preis ist mit 3000 Euro dotiert und kann geteilt werden, um f\u00fcr die Nachwuchsf\u00f6rderung junger K\u00fcnstlerinnen und K\u00fcnstler eingesetzt zu werden. Der Kulturf\u00f6rderpreis w\u00fcrdigt besondere k\u00fcnstlerische Leistungen auf dem Gebiet der Musik, der bildenden und darstellenden Kunst, der Literatur und der Heimatpflege.<\/p>\n<p>\u201eMit vielf\u00e4ltiger Kultur zeigt sich der Vogelsbergkreis als eine aufstrebende Region \u2013 nach innen und nach au\u00dfen. Der Kulturf\u00f6rderpreis soll dazu beitragen, diesen Effekt zu verst\u00e4rken und k\u00fcnstlerische Initiativen und Leistungen zu w\u00fcrdigen\u201c, erl\u00e4utert Landrat Manfred G\u00f6rig. Er m\u00f6chte mit dem Preis das Engagement von Kulturschaffenden wie auch von Ehrenamtlichen w\u00fcrdigen, die mit ihrem Wirken dazu beitragen, dass in der Region kulturelle Angebote vorhanden sind und bleiben \u2013 \u201eKultur ist f\u00fcr jeden Einzelnen wichtig, steigert die Lebensqualit\u00e4t und ist gleichzeitig ein Standortfaktor, der auch Wirtschaft und Tourismus st\u00e4rkt.\u201c<\/p>\n<p>Landrat G\u00f6rig bittet um entsprechende Vorschl\u00e4ge und Nominierungen bis zum 1. September 2017. Dabei sollten die zu w\u00fcrdigenden kulturellen Aktivit\u00e4ten nachvollziehbar beschrieben werden und eine K\u00fcnstlerbiografie oder Projektdokumentation beigef\u00fcgt sein.<\/p>\n<p>Einsendungen an: Kreisausschuss des Vogelsbergkreises, Haupt- und Personalamt \u2013 Stichwort: Kulturf\u00f6rderpreis \u2013 Goldhelg 20, 36341 Lauterbach; oder per E-Mail an KT-KA-Buero@vogelsbergkreis.de &#8211; Stichwort: Kulturf\u00f6rderpreis.<\/p>\n","protected":false},"excerpt":{"rendered":"<div class=\"tmnf_excerpt\"><p>Der Vogelsbergkreis verleiht in diesem Jahr zum vierten Mal den Kulturf\u00f6rderpreis. Der Preis ist mit 3000 Euro dotiert und kann geteilt werden, um f\u00fcr die Nachwuchsf\u00f6rderung junger K\u00fcnstlerinnen und K\u00fcnstler eingesetzt zu werden. Der Kulturf\u00f6rderpreis w\u00fcrdigt besondere k\u00fcnstlerische Leistungen auf dem Gebiet der Musik, der bildenden und darstellenden Kunst, der Literatur und der Heimatpflege. \u201eMit &hellip;<\/p>\n<\/div>","protected":false},"author":1,"featured_media":0,"comment_status":"closed","ping_status":"closed","sticky":false,"template":"","format":"standard","meta":{"footnotes":""},"categories":[1],"tags":[],"class_list":["post-163203","post","type-post","status-publish","format-standard","hentry","category-startseite"],"_links":{"self":[{"href":"https:\/\/www.fuldaernachrichten.de\/index.php?rest_route=\/wp\/v2\/posts\/163203","targetHints":{"allow":["GET"]}}],"collection":[{"href":"https:\/\/www.fuldaernachrichten.de\/index.php?rest_route=\/wp\/v2\/posts"}],"about":[{"href":"https:\/\/www.fuldaernachrichten.de\/index.php?rest_route=\/wp\/v2\/types\/post"}],"author":[{"embeddable":true,"href":"https:\/\/www.fuldaernachrichten.de\/index.php?rest_route=\/wp\/v2\/users\/1"}],"replies":[{"embeddable":true,"href":"https:\/\/www.fuldaernachrichten.de\/index.php?rest_route=%2Fwp%2Fv2%2Fcomments&post=163203"}],"version-history":[{"count":1,"href":"https:\/\/www.fuldaernachrichten.de\/index.php?rest_route=\/wp\/v2\/posts\/163203\/revisions"}],"predecessor-version":[{"id":163227,"href":"https:\/\/www.fuldaernachrichten.de\/index.php?rest_route=\/wp\/v2\/posts\/163203\/revisions\/163227"}],"wp:attachment":[{"href":"https:\/\/www.fuldaernachrichten.de\/index.php?rest_route=%2Fwp%2Fv2%2Fmedia&parent=163203"}],"wp:term":[{"taxonomy":"category","embeddable":true,"href":"https:\/\/www.fuldaernachrichten.de\/index.php?rest_route=%2Fwp%2Fv2%2Fcategories&post=163203"},{"taxonomy":"post_tag","embeddable":true,"href":"https:\/\/www.fuldaernachrichten.de\/index.php?rest_route=%2Fwp%2Fv2%2Ftags&post=163203"}],"curies":[{"name":"wp","href":"https:\/\/api.w.org\/{rel}","templated":true}]}}