{"id":163199,"date":"2017-05-18T08:04:50","date_gmt":"2017-05-18T06:04:50","guid":{"rendered":"http:\/\/www.fuldaer-nachrichten.de\/?p=163199"},"modified":"2017-05-18T08:04:50","modified_gmt":"2017-05-18T06:04:50","slug":"sicherheit-in-der-palliativversorgung-mit-verbot-der-geschaeftsmaessigen-beihilfe-zur-selbsttoetung-gewaehrleistet","status":"publish","type":"post","link":"https:\/\/www.fuldaernachrichten.de\/?p=163199","title":{"rendered":"Sicherheit in der Palliativversorgung mit Verbot der gesch\u00e4ftsm\u00e4\u00dfigen Beihilfe zur Selbstt\u00f6tung gew\u00e4hrleistet"},"content":{"rendered":"<p>Wer am Lebensende z.B. schlimmste Schmerzen oder Atemnot hat, erh\u00e4lt in Deutschland zuhause Hilfe durch etwa 340 Teams der \u201espezialisierten ambulanten Palliativversorgung\u201c (SAPV). Nach dem Verbot der gesch\u00e4ftsm\u00e4\u00dfigen Beihilfe zur Selbstt\u00f6tung wurde in den aktuellen Verfahren vor dem Bundesverfassungsgericht plakativ behauptet, dass &#8220;die \u00c4rzte&#8221; jetzt Angst h\u00e4tten, durch eine gute Versorgung ins Gef\u00e4ngnis zu kommen. Patienten m\u00fcssten deshalb unertr\u00e4glich leiden. Dies hat offensichtlich nichts mit der Realit\u00e4t zu tun, denn sachgem\u00e4\u00dfe Palliativversorgung ist keine Beihilfe zur Selbstt\u00f6tung.<\/p>\n<p>Die Deutsche PalliativStiftung hat alle SAPV-Teams nach ihren Erfahrungen mit dem neuen Gesetz befragt. Es antworteten 185 Palliativspezialisten; 89 % waren \u00fcberzeugt, dass ihre Patienten unter Beachtung des neuen Gesetzes genauso gut beraten werden k\u00f6nnen wie bisher. <\/p>\n<p>Bei den Befragten begleiteten die Palliativmediziner aus insgesamt 96 SAPV-Teams im vergangenen Jahr \u00fcber 22.000 schwerkranke Patienten bis zum Tod;  von diesen Teams waren 94 % \u00fcberzeugt, dass die Leidenslinderung ihrer Patienten weiterhin genauso m\u00f6glich sei. Einige r\u00e4umten eine allgemeine Verunsicherung durch die \u00f6ffentliche Diskussion ein. Eine typische Antwort eines sehr erfahrenen Kollegen war: \u201eWir sprechen offen mit Betroffenen \u00fcber die M\u00f6glichkeiten der assistierten Selbstt\u00f6tung \u00e2\u20ac\u00a6 Diese Offenheit ist in allen F\u00e4llen extrem erleichternd und vertrauensbildend, dabei wird auch nicht tabuisiert oder moralisiert.\u201c<\/p>\n<p>Deshalb warnt der Vorstandsvorsitzende der PalliativStiftung, der Palliativmediziner Dr. Thomas Sitte: \u201eUnsachliche Panikmache mit medienwirksamen Aussagen schadet allen Patienten! In Deutschland brauchen wir keine Schweizer Verh\u00e4ltnisse, wo man mit dem schnellen Tod seinen Lebensunterhalt verdienen kann. Nur das Verbot der gesch\u00e4ftsm\u00e4\u00dfigen Beihilfe zur Selbstt\u00f6tung kann Patienten sch\u00fctzen, vorschnell in den Tod zu gehen.&#8221;<\/p>\n","protected":false},"excerpt":{"rendered":"<div class=\"tmnf_excerpt\"><p>Wer am Lebensende z.B. schlimmste Schmerzen oder Atemnot hat, erh\u00e4lt in Deutschland zuhause Hilfe durch etwa 340 Teams der \u201espezialisierten ambulanten Palliativversorgung\u201c (SAPV). Nach dem Verbot der gesch\u00e4ftsm\u00e4\u00dfigen Beihilfe zur Selbstt\u00f6tung wurde in den aktuellen Verfahren vor dem Bundesverfassungsgericht plakativ behauptet, dass &#8220;die \u00c4rzte&#8221; jetzt Angst h\u00e4tten, durch eine gute Versorgung ins Gef\u00e4ngnis zu kommen. &hellip;<\/p>\n<\/div>","protected":false},"author":1,"featured_media":163211,"comment_status":"closed","ping_status":"closed","sticky":false,"template":"","format":"standard","meta":{"footnotes":""},"categories":[1],"tags":[],"class_list":["post-163199","post","type-post","status-publish","format-standard","has-post-thumbnail","hentry","category-startseite"],"_links":{"self":[{"href":"https:\/\/www.fuldaernachrichten.de\/index.php?rest_route=\/wp\/v2\/posts\/163199","targetHints":{"allow":["GET"]}}],"collection":[{"href":"https:\/\/www.fuldaernachrichten.de\/index.php?rest_route=\/wp\/v2\/posts"}],"about":[{"href":"https:\/\/www.fuldaernachrichten.de\/index.php?rest_route=\/wp\/v2\/types\/post"}],"author":[{"embeddable":true,"href":"https:\/\/www.fuldaernachrichten.de\/index.php?rest_route=\/wp\/v2\/users\/1"}],"replies":[{"embeddable":true,"href":"https:\/\/www.fuldaernachrichten.de\/index.php?rest_route=%2Fwp%2Fv2%2Fcomments&post=163199"}],"version-history":[{"count":1,"href":"https:\/\/www.fuldaernachrichten.de\/index.php?rest_route=\/wp\/v2\/posts\/163199\/revisions"}],"predecessor-version":[{"id":163214,"href":"https:\/\/www.fuldaernachrichten.de\/index.php?rest_route=\/wp\/v2\/posts\/163199\/revisions\/163214"}],"wp:featuredmedia":[{"embeddable":true,"href":"https:\/\/www.fuldaernachrichten.de\/index.php?rest_route=\/wp\/v2\/media\/163211"}],"wp:attachment":[{"href":"https:\/\/www.fuldaernachrichten.de\/index.php?rest_route=%2Fwp%2Fv2%2Fmedia&parent=163199"}],"wp:term":[{"taxonomy":"category","embeddable":true,"href":"https:\/\/www.fuldaernachrichten.de\/index.php?rest_route=%2Fwp%2Fv2%2Fcategories&post=163199"},{"taxonomy":"post_tag","embeddable":true,"href":"https:\/\/www.fuldaernachrichten.de\/index.php?rest_route=%2Fwp%2Fv2%2Ftags&post=163199"}],"curies":[{"name":"wp","href":"https:\/\/api.w.org\/{rel}","templated":true}]}}