{"id":163198,"date":"2017-05-18T08:05:14","date_gmt":"2017-05-18T06:05:14","guid":{"rendered":"http:\/\/www.fuldaer-nachrichten.de\/?p=163198"},"modified":"2017-05-18T08:05:14","modified_gmt":"2017-05-18T06:05:14","slug":"200-menschen-beim-familientag-im-bistum","status":"publish","type":"post","link":"https:\/\/www.fuldaernachrichten.de\/?p=163198","title":{"rendered":"200 Menschen beim Familientag im Bistum"},"content":{"rendered":"<p>\u201eZusammen wachsen, dem Himmel entgegen\u201c \u2013 die Worte des Er\u00f6ffnungslieds des \u201eFamilientags im Bistum Fulda\u201c unter dem Motto \u201e\u00e2\u20ac\u00a6weil Familie gr\u00f6\u00dfer ist\u201c zogen sich wie ein roter Faden durch den Tag. Das Seelsorgeamt, die katholische Familienbildungsst\u00e4tte Fulda, das Forum Michaelshof, die Sch\u00f6nstatt-Bewegung, Kolping, KAB, der Familienbund der Katholiken und weiterer Verb\u00e4nde hatten zum Di\u00f6zesanfamilientag auf das Gel\u00e4nde des Bonifatiushauses und der Familienbildungsst\u00e4tte in Fulda eingeladen. Etwa 200 Menschen aus den verschiedenen Regionen des Bistums waren dieser Einladung gefolgt.<\/p>\n<p>\u201eEs ist wichtig, dass keiner \u00fcbersehen wird.\u201c Dieser Aspekt blieb als einer der zentralen Gedanken aus der Einf\u00fchrung f\u00fcr die Erwachsenen zu den biblischen Texten des Familiengottesdienstes in Erinnerung, die in zwei Gruppen von Prof. Dr. Rupert Scheule und Prof. Dr. Christoph G. M\u00fcller gegeben wurden. In einer wirklich lebendigen Gemeinschaft ist es wichtig, Auge und Ohr f\u00fcreinander zu haben, auf die Not und Freude der anderen zu achten und diese zu teilen. Daran wird Gemeinschaft wachsen, daran k\u00f6nnen auch die einzelnen wachsen.<br \/>\nMit dem Weg in dieser Gemeinschaft mit und zu Gott hatten sich die Kinder in ihrer Vorbereitung auf den Gottesdienst besch\u00e4ftigt. Relindis Kn\u00f6chelmann (Familienseelsorge im Bistum Fulda\/Forum Michaelshof) begleitete das Anspiel der Kinder, das \u00fcber das Symbol der Wegweiser in diesen Gedanken einf\u00fchrte.<br \/>\nIn der gemeinsamen Feier des Familiengottesdienstes stand das Zusammenwachsen als Gemeinschaft und mit Gott im Mittelpunkt. \u201eJesus ist Mensch geworden und begleitet uns auf unserem Weg. Er f\u00fchrt uns zueinander und zum Vater.\u201c, so betonte es Di\u00f6zesanfamilienseelsorger Christoph G. M\u00fcller in seiner Predigt. Die \u201eGottesdienstband der Innenstadtpfarrei Fulda\u201c gestaltete den Gottesdienst musikalisch \u2013 mal lebendig, mal mit leisen T\u00f6nen.<\/p>\n<p>Am Nachmittag f\u00fchrten 35 Mitwirkende des Kinder- und Jugendchors der Innenstadtpfarrei Fulda unter der Leitung von Johannes Haubs Ausschnitte aus dem Musical \u201eVerschleppt nach Babylon\u00e2\u20ac\u00a6\u201c auf. Die biblische Geschichte von Daniel, der aus Neid und Eifersucht den L\u00f6wen ausgesetzt wird, den aber letztlich seine Treue zu Gott und sein Glaube rettet, begeisterte gro\u00dfe und kleine Zuschauerinnen und Zuschauer. <\/p>\n<p>Ein buntes Programm mit Bastel- und Spielangeboten f\u00fcr Kinder und Jugendliche schloss sich an, mit Austausch- und Informationsm\u00f6glichkeiten zu den Elternkursen \u201eKess-erziehen\u201c, Angeboten der Familienverb\u00e4nde und Beratungsstellen sowie dem \u201ePaarcheck\u201c, der den Paarkompetenzen auf den Grund ging. Es stand eine Ideenb\u00f6rse f\u00fcr \u201eKinder- und Familiengottesdienste\u201c zur Verf\u00fcgung.<br \/>\nGro\u00dfes Interesse fand der in diesem Jahr erstmals angebotene Palaver-Baum zum Thema \u201eWann werden meine Eltern wieder normal? \u2013 Herausforderung Pubert\u00e4t\u201c. Eine jugendliche Expertin, Eltern und professionelle Berater diskutierten mit den Teilnehmenden, moderiert von Hermann Diel, \u00fcber die vielen Ver\u00e4nderungen und Herausforderungen im Miteinander in der Familie w\u00e4hrend dieser Zeit. <\/p>\n<p>Der Familientag wurde mit der Segnung der Familien durch Ordinariatsrat Thomas Renze, den Di\u00f6zesanfamilienseelsorger Christoph G. M\u00fcller und Prof. Dr. Rupert Scheule abgeschlossen. \u201eEs war ein wundersch\u00f6ner Tag. Gefallen hat uns der Austausch mit anderen Familien und in unserem Glauben best\u00e4rkt. Wir kommen im n\u00e4chsten Jahr gern wieder\u201c, so eine Familie. \u00dcber solche R\u00fcckmeldungen freut sich das Koordinatorenteam des Tages mit Thomas Bretz (Familienseelsorge im Bistum Fulda), Relindis Kn\u00f6chelmann, Erwin Schick (Leiter der Familienbildungsst\u00e4tte), Melanie M\u00f6ller und Steffen Kempa (Kolping), Monika und Ulrich Goldbach (Sch\u00f6nstattbewegung), Thomas Hielscher (Forum Michaelshof) und Doris Meyer-Ahlen (Familienseelsorge im Bistum Fulda) besonders.<\/p>\n","protected":false},"excerpt":{"rendered":"<div class=\"tmnf_excerpt\"><p>\u201eZusammen wachsen, dem Himmel entgegen\u201c \u2013 die Worte des Er\u00f6ffnungslieds des \u201eFamilientags im Bistum Fulda\u201c unter dem Motto \u201e\u00e2\u20ac\u00a6weil Familie gr\u00f6\u00dfer ist\u201c zogen sich wie ein roter Faden durch den Tag. Das Seelsorgeamt, die katholische Familienbildungsst\u00e4tte Fulda, das Forum Michaelshof, die Sch\u00f6nstatt-Bewegung, Kolping, KAB, der Familienbund der Katholiken und weiterer Verb\u00e4nde hatten zum Di\u00f6zesanfamilientag auf &hellip;<\/p>\n<\/div>","protected":false},"author":1,"featured_media":163213,"comment_status":"closed","ping_status":"closed","sticky":false,"template":"","format":"gallery","meta":{"footnotes":""},"categories":[1],"tags":[],"class_list":["post-163198","post","type-post","status-publish","format-gallery","has-post-thumbnail","hentry","category-startseite","post_format-post-format-gallery"],"_links":{"self":[{"href":"https:\/\/www.fuldaernachrichten.de\/index.php?rest_route=\/wp\/v2\/posts\/163198","targetHints":{"allow":["GET"]}}],"collection":[{"href":"https:\/\/www.fuldaernachrichten.de\/index.php?rest_route=\/wp\/v2\/posts"}],"about":[{"href":"https:\/\/www.fuldaernachrichten.de\/index.php?rest_route=\/wp\/v2\/types\/post"}],"author":[{"embeddable":true,"href":"https:\/\/www.fuldaernachrichten.de\/index.php?rest_route=\/wp\/v2\/users\/1"}],"replies":[{"embeddable":true,"href":"https:\/\/www.fuldaernachrichten.de\/index.php?rest_route=%2Fwp%2Fv2%2Fcomments&post=163198"}],"version-history":[{"count":1,"href":"https:\/\/www.fuldaernachrichten.de\/index.php?rest_route=\/wp\/v2\/posts\/163198\/revisions"}],"predecessor-version":[{"id":163217,"href":"https:\/\/www.fuldaernachrichten.de\/index.php?rest_route=\/wp\/v2\/posts\/163198\/revisions\/163217"}],"wp:featuredmedia":[{"embeddable":true,"href":"https:\/\/www.fuldaernachrichten.de\/index.php?rest_route=\/wp\/v2\/media\/163213"}],"wp:attachment":[{"href":"https:\/\/www.fuldaernachrichten.de\/index.php?rest_route=%2Fwp%2Fv2%2Fmedia&parent=163198"}],"wp:term":[{"taxonomy":"category","embeddable":true,"href":"https:\/\/www.fuldaernachrichten.de\/index.php?rest_route=%2Fwp%2Fv2%2Fcategories&post=163198"},{"taxonomy":"post_tag","embeddable":true,"href":"https:\/\/www.fuldaernachrichten.de\/index.php?rest_route=%2Fwp%2Fv2%2Ftags&post=163198"}],"curies":[{"name":"wp","href":"https:\/\/api.w.org\/{rel}","templated":true}]}}